{"id":943,"date":"2023-11-16T17:08:44","date_gmt":"2023-11-16T16:08:44","guid":{"rendered":"https:\/\/www.tgs-somborn.de\/start\/?p=943"},"modified":"2024-10-31T17:22:39","modified_gmt":"2024-10-31T16:22:39","slug":"hallenbelegungsplan-2023","status":"publish","type":"post","link":"https:\/\/www.tgs-somborn.de\/start\/hallenbelegungsplan-2023\/","title":{"rendered":"Hallenbelegungsplan 2024"},"content":{"rendered":"\n<p>Liebe Aktive und die, die es noch werden wollen. <\/p>\n\n\n\n<p>Hier findet ihr unseren aktuellen Hallenbelegungsplan (Stand: November 2024). <br>Wir freuen uns, wenn etwas f\u00fcr euch und\/oder eure Kids dabei ist!<\/p>\n","protected":false},"excerpt":{"rendered":"<p>Liebe Aktive und die, die es noch werden wollen. Hier findet ihr unseren aktuellen Hallenbelegungsplan (Stand: November 2024). Wir freuen uns, wenn etwas f\u00fcr euch und\/oder eure Kids dabei ist!<\/p>\n","protected":false},"author":3,"featured_media":1113,"comment_status":"closed","ping_status":"open","sticky":false,"template":"","format":"standard","meta":{"_jetpack_memberships_contains_paid_content":false,"footnotes":""},"categories":[1,4],"tags":[],"class_list":["post-943","post","type-post","status-publish","format-standard","has-post-thumbnail","hentry","category-allgemein","category-turnen"],"yoast_head":"<!-- This site is optimized with the Yoast SEO plugin v27.5 - https:\/\/yoast.com\/product\/yoast-seo-wordpress\/ -->\n<title>Hallenbelegungsplan 2024 | Turngesellschaft 1888 e.V. Somborn<\/title>\n<meta name=\"robots\" content=\"index, follow, max-snippet:-1, max-image-preview:large, max-video-preview:-1\" \/>\n<link rel=\"canonical\" href=\"https:\/\/www.tgs-somborn.de\/start\/hallenbelegungsplan-2023\/\" \/>\n<meta property=\"og:locale\" content=\"de_DE\" \/>\n<meta property=\"og:type\" content=\"article\" \/>\n<meta property=\"og:title\" content=\"Hallenbelegungsplan 2024 | Turngesellschaft 1888 e.V. Somborn\" \/>\n<meta property=\"og:description\" content=\"Liebe Aktive und die, die es noch werden wollen. Hier findet ihr unseren aktuellen Hallenbelegungsplan (Stand: November 2024). Wir freuen uns, wenn etwas f\u00fcr euch und\/oder eure Kids dabei ist!\" \/>\n<meta property=\"og:url\" content=\"https:\/\/www.tgs-somborn.de\/start\/hallenbelegungsplan-2023\/\" \/>\n<meta property=\"og:site_name\" content=\"Turngesellschaft 1888 e.V. Somborn\" \/>\n<meta property=\"article:publisher\" content=\"http:\/\/www.facebook.com\/TurngesellschaftSomborn\" \/>\n<meta property=\"article:published_time\" content=\"2023-11-16T16:08:44+00:00\" \/>\n<meta property=\"article:modified_time\" content=\"2024-10-31T16:22:39+00:00\" \/>\n<meta name=\"author\" content=\"Verena Schilling\" \/>\n<meta name=\"twitter:card\" content=\"summary_large_image\" \/>\n<meta name=\"twitter:label1\" content=\"Verfasst von\" \/>\n\t<meta name=\"twitter:data1\" content=\"Verena Schilling\" \/>\n\t<meta name=\"twitter:label2\" content=\"Gesch\u00e4tzte Lesezeit\" \/>\n\t<meta name=\"twitter:data2\" content=\"1\u00a0Minute\" \/>\n<script type=\"application\/ld+json\" class=\"yoast-schema-graph\">{\"@context\":\"https:\\\/\\\/schema.org\",\"@graph\":[{\"@type\":\"Article\",\"@id\":\"https:\\\/\\\/www.tgs-somborn.de\\\/start\\\/hallenbelegungsplan-2023\\\/#article\",\"isPartOf\":{\"@id\":\"https:\\\/\\\/www.tgs-somborn.de\\\/start\\\/hallenbelegungsplan-2023\\\/\"},\"author\":{\"name\":\"Verena Schilling\",\"@id\":\"https:\\\/\\\/www.tgs-somborn.de\\\/start\\\/#\\\/schema\\\/person\\\/7b2ba8599458e044b8c5dd1cecba9729\"},\"headline\":\"Hallenbelegungsplan 2024\",\"datePublished\":\"2023-11-16T16:08:44+00:00\",\"dateModified\":\"2024-10-31T16:22:39+00:00\",\"mainEntityOfPage\":{\"@id\":\"https:\\\/\\\/www.tgs-somborn.de\\\/start\\\/hallenbelegungsplan-2023\\\/\"},\"wordCount\":32,\"publisher\":{\"@id\":\"https:\\\/\\\/www.tgs-somborn.de\\\/start\\\/#organization\"},\"image\":{\"@id\":\"https:\\\/\\\/www.tgs-somborn.de\\\/start\\\/hallenbelegungsplan-2023\\\/#primaryimage\"},\"thumbnailUrl\":\"https:\\\/\\\/www.tgs-somborn.de\\\/start\\\/wp-content\\\/uploads\\\/2023\\\/11\\\/Hallenbelegungsplan-2024_KW-45-pdf.jpg\",\"articleSection\":{\"1\":\"Turnen\"},\"inLanguage\":\"de\"},{\"@type\":\"WebPage\",\"@id\":\"https:\\\/\\\/www.tgs-somborn.de\\\/start\\\/hallenbelegungsplan-2023\\\/\",\"url\":\"https:\\\/\\\/www.tgs-somborn.de\\\/start\\\/hallenbelegungsplan-2023\\\/\",\"name\":\"Hallenbelegungsplan 2024 | Turngesellschaft 1888 e.V. Somborn\",\"isPartOf\":{\"@id\":\"https:\\\/\\\/www.tgs-somborn.de\\\/start\\\/#website\"},\"primaryImageOfPage\":{\"@id\":\"https:\\\/\\\/www.tgs-somborn.de\\\/start\\\/hallenbelegungsplan-2023\\\/#primaryimage\"},\"image\":{\"@id\":\"https:\\\/\\\/www.tgs-somborn.de\\\/start\\\/hallenbelegungsplan-2023\\\/#primaryimage\"},\"thumbnailUrl\":\"https:\\\/\\\/www.tgs-somborn.de\\\/start\\\/wp-content\\\/uploads\\\/2023\\\/11\\\/Hallenbelegungsplan-2024_KW-45-pdf.jpg\",\"datePublished\":\"2023-11-16T16:08:44+00:00\",\"dateModified\":\"2024-10-31T16:22:39+00:00\",\"breadcrumb\":{\"@id\":\"https:\\\/\\\/www.tgs-somborn.de\\\/start\\\/hallenbelegungsplan-2023\\\/#breadcrumb\"},\"inLanguage\":\"de\",\"potentialAction\":[{\"@type\":\"ReadAction\",\"target\":[\"https:\\\/\\\/www.tgs-somborn.de\\\/start\\\/hallenbelegungsplan-2023\\\/\"]}]},{\"@type\":\"ImageObject\",\"inLanguage\":\"de\",\"@id\":\"https:\\\/\\\/www.tgs-somborn.de\\\/start\\\/hallenbelegungsplan-2023\\\/#primaryimage\",\"url\":\"https:\\\/\\\/www.tgs-somborn.de\\\/start\\\/wp-content\\\/uploads\\\/2023\\\/11\\\/Hallenbelegungsplan-2024_KW-45-pdf.jpg\",\"contentUrl\":\"https:\\\/\\\/www.tgs-somborn.de\\\/start\\\/wp-content\\\/uploads\\\/2023\\\/11\\\/Hallenbelegungsplan-2024_KW-45-pdf.jpg\"},{\"@type\":\"BreadcrumbList\",\"@id\":\"https:\\\/\\\/www.tgs-somborn.de\\\/start\\\/hallenbelegungsplan-2023\\\/#breadcrumb\",\"itemListElement\":[{\"@type\":\"ListItem\",\"position\":1,\"name\":\"Startseite\",\"item\":\"https:\\\/\\\/www.tgs-somborn.de\\\/start\\\/\"},{\"@type\":\"ListItem\",\"position\":2,\"name\":\"Hallenbelegungsplan 2024\"}]},{\"@type\":\"WebSite\",\"@id\":\"https:\\\/\\\/www.tgs-somborn.de\\\/start\\\/#website\",\"url\":\"https:\\\/\\\/www.tgs-somborn.de\\\/start\\\/\",\"name\":\"Turngesellschaft 1888 e.V. Somborn\",\"description\":\"Der Verein f\u00fcr die ganze Familie\",\"publisher\":{\"@id\":\"https:\\\/\\\/www.tgs-somborn.de\\\/start\\\/#organization\"},\"potentialAction\":[{\"@type\":\"SearchAction\",\"target\":{\"@type\":\"EntryPoint\",\"urlTemplate\":\"https:\\\/\\\/www.tgs-somborn.de\\\/start\\\/?s={search_term_string}\"},\"query-input\":{\"@type\":\"PropertyValueSpecification\",\"valueRequired\":true,\"valueName\":\"search_term_string\"}}],\"inLanguage\":\"de\"},{\"@type\":\"Organization\",\"@id\":\"https:\\\/\\\/www.tgs-somborn.de\\\/start\\\/#organization\",\"name\":\"Turngesellschaft 1888 e. V. Somborn\",\"url\":\"https:\\\/\\\/www.tgs-somborn.de\\\/start\\\/\",\"logo\":{\"@type\":\"ImageObject\",\"inLanguage\":\"de\",\"@id\":\"https:\\\/\\\/www.tgs-somborn.de\\\/start\\\/#\\\/schema\\\/logo\\\/image\\\/\",\"url\":\"https:\\\/\\\/i0.wp.com\\\/www.tgs-somborn.de\\\/start\\\/wp-content\\\/uploads\\\/2018\\\/01\\\/cropped-tgs_wappen-1.gif?fit=198%2C243&ssl=1\",\"contentUrl\":\"https:\\\/\\\/i0.wp.com\\\/www.tgs-somborn.de\\\/start\\\/wp-content\\\/uploads\\\/2018\\\/01\\\/cropped-tgs_wappen-1.gif?fit=198%2C243&ssl=1\",\"width\":198,\"height\":243,\"caption\":\"Turngesellschaft 1888 e. V. Somborn\"},\"image\":{\"@id\":\"https:\\\/\\\/www.tgs-somborn.de\\\/start\\\/#\\\/schema\\\/logo\\\/image\\\/\"},\"sameAs\":[\"http:\\\/\\\/www.facebook.com\\\/TurngesellschaftSomborn\"]},{\"@type\":\"Person\",\"@id\":\"https:\\\/\\\/www.tgs-somborn.de\\\/start\\\/#\\\/schema\\\/person\\\/7b2ba8599458e044b8c5dd1cecba9729\",\"name\":\"Verena Schilling\",\"image\":{\"@type\":\"ImageObject\",\"inLanguage\":\"de\",\"@id\":\"https:\\\/\\\/secure.gravatar.com\\\/avatar\\\/1a8e59161b4e94a82dfd155a09e77b3f88a19e151a72eb8d6df8ce83677e4847?s=96&d=mm&r=g\",\"url\":\"https:\\\/\\\/secure.gravatar.com\\\/avatar\\\/1a8e59161b4e94a82dfd155a09e77b3f88a19e151a72eb8d6df8ce83677e4847?s=96&d=mm&r=g\",\"contentUrl\":\"https:\\\/\\\/secure.gravatar.com\\\/avatar\\\/1a8e59161b4e94a82dfd155a09e77b3f88a19e151a72eb8d6df8ce83677e4847?s=96&d=mm&r=g\",\"caption\":\"Verena Schilling\"}}]}<\/script>\n<!-- \/ Yoast SEO plugin. -->","yoast_head_json":{"title":"Hallenbelegungsplan 2024 | Turngesellschaft 1888 e.V. Somborn","robots":{"index":"index","follow":"follow","max-snippet":"max-snippet:-1","max-image-preview":"max-image-preview:large","max-video-preview":"max-video-preview:-1"},"canonical":"https:\/\/www.tgs-somborn.de\/start\/hallenbelegungsplan-2023\/","og_locale":"de_DE","og_type":"article","og_title":"Hallenbelegungsplan 2024 | Turngesellschaft 1888 e.V. Somborn","og_description":"Liebe Aktive und die, die es noch werden wollen. Hier findet ihr unseren aktuellen Hallenbelegungsplan (Stand: November 2024). Wir freuen uns, wenn etwas f\u00fcr euch und\/oder eure Kids dabei ist!","og_url":"https:\/\/www.tgs-somborn.de\/start\/hallenbelegungsplan-2023\/","og_site_name":"Turngesellschaft 1888 e.V. Somborn","article_publisher":"http:\/\/www.facebook.com\/TurngesellschaftSomborn","article_published_time":"2023-11-16T16:08:44+00:00","article_modified_time":"2024-10-31T16:22:39+00:00","author":"Verena Schilling","twitter_card":"summary_large_image","twitter_misc":{"Verfasst von":"Verena Schilling","Gesch\u00e4tzte Lesezeit":"1\u00a0Minute"},"schema":{"@context":"https:\/\/schema.org","@graph":[{"@type":"Article","@id":"https:\/\/www.tgs-somborn.de\/start\/hallenbelegungsplan-2023\/#article","isPartOf":{"@id":"https:\/\/www.tgs-somborn.de\/start\/hallenbelegungsplan-2023\/"},"author":{"name":"Verena Schilling","@id":"https:\/\/www.tgs-somborn.de\/start\/#\/schema\/person\/7b2ba8599458e044b8c5dd1cecba9729"},"headline":"Hallenbelegungsplan 2024","datePublished":"2023-11-16T16:08:44+00:00","dateModified":"2024-10-31T16:22:39+00:00","mainEntityOfPage":{"@id":"https:\/\/www.tgs-somborn.de\/start\/hallenbelegungsplan-2023\/"},"wordCount":32,"publisher":{"@id":"https:\/\/www.tgs-somborn.de\/start\/#organization"},"image":{"@id":"https:\/\/www.tgs-somborn.de\/start\/hallenbelegungsplan-2023\/#primaryimage"},"thumbnailUrl":"https:\/\/www.tgs-somborn.de\/start\/wp-content\/uploads\/2023\/11\/Hallenbelegungsplan-2024_KW-45-pdf.jpg","articleSection":{"1":"Turnen"},"inLanguage":"de"},{"@type":"WebPage","@id":"https:\/\/www.tgs-somborn.de\/start\/hallenbelegungsplan-2023\/","url":"https:\/\/www.tgs-somborn.de\/start\/hallenbelegungsplan-2023\/","name":"Hallenbelegungsplan 2024 | Turngesellschaft 1888 e.V. Somborn","isPartOf":{"@id":"https:\/\/www.tgs-somborn.de\/start\/#website"},"primaryImageOfPage":{"@id":"https:\/\/www.tgs-somborn.de\/start\/hallenbelegungsplan-2023\/#primaryimage"},"image":{"@id":"https:\/\/www.tgs-somborn.de\/start\/hallenbelegungsplan-2023\/#primaryimage"},"thumbnailUrl":"https:\/\/www.tgs-somborn.de\/start\/wp-content\/uploads\/2023\/11\/Hallenbelegungsplan-2024_KW-45-pdf.jpg","datePublished":"2023-11-16T16:08:44+00:00","dateModified":"2024-10-31T16:22:39+00:00","breadcrumb":{"@id":"https:\/\/www.tgs-somborn.de\/start\/hallenbelegungsplan-2023\/#breadcrumb"},"inLanguage":"de","potentialAction":[{"@type":"ReadAction","target":["https:\/\/www.tgs-somborn.de\/start\/hallenbelegungsplan-2023\/"]}]},{"@type":"ImageObject","inLanguage":"de","@id":"https:\/\/www.tgs-somborn.de\/start\/hallenbelegungsplan-2023\/#primaryimage","url":"https:\/\/www.tgs-somborn.de\/start\/wp-content\/uploads\/2023\/11\/Hallenbelegungsplan-2024_KW-45-pdf.jpg","contentUrl":"https:\/\/www.tgs-somborn.de\/start\/wp-content\/uploads\/2023\/11\/Hallenbelegungsplan-2024_KW-45-pdf.jpg"},{"@type":"BreadcrumbList","@id":"https:\/\/www.tgs-somborn.de\/start\/hallenbelegungsplan-2023\/#breadcrumb","itemListElement":[{"@type":"ListItem","position":1,"name":"Startseite","item":"https:\/\/www.tgs-somborn.de\/start\/"},{"@type":"ListItem","position":2,"name":"Hallenbelegungsplan 2024"}]},{"@type":"WebSite","@id":"https:\/\/www.tgs-somborn.de\/start\/#website","url":"https:\/\/www.tgs-somborn.de\/start\/","name":"Turngesellschaft 1888 e.V. Somborn","description":"Der Verein f\u00fcr die ganze Familie","publisher":{"@id":"https:\/\/www.tgs-somborn.de\/start\/#organization"},"potentialAction":[{"@type":"SearchAction","target":{"@type":"EntryPoint","urlTemplate":"https:\/\/www.tgs-somborn.de\/start\/?s={search_term_string}"},"query-input":{"@type":"PropertyValueSpecification","valueRequired":true,"valueName":"search_term_string"}}],"inLanguage":"de"},{"@type":"Organization","@id":"https:\/\/www.tgs-somborn.de\/start\/#organization","name":"Turngesellschaft 1888 e. V. Somborn","url":"https:\/\/www.tgs-somborn.de\/start\/","logo":{"@type":"ImageObject","inLanguage":"de","@id":"https:\/\/www.tgs-somborn.de\/start\/#\/schema\/logo\/image\/","url":"https:\/\/i0.wp.com\/www.tgs-somborn.de\/start\/wp-content\/uploads\/2018\/01\/cropped-tgs_wappen-1.gif?fit=198%2C243&ssl=1","contentUrl":"https:\/\/i0.wp.com\/www.tgs-somborn.de\/start\/wp-content\/uploads\/2018\/01\/cropped-tgs_wappen-1.gif?fit=198%2C243&ssl=1","width":198,"height":243,"caption":"Turngesellschaft 1888 e. V. Somborn"},"image":{"@id":"https:\/\/www.tgs-somborn.de\/start\/#\/schema\/logo\/image\/"},"sameAs":["http:\/\/www.facebook.com\/TurngesellschaftSomborn"]},{"@type":"Person","@id":"https:\/\/www.tgs-somborn.de\/start\/#\/schema\/person\/7b2ba8599458e044b8c5dd1cecba9729","name":"Verena Schilling","image":{"@type":"ImageObject","inLanguage":"de","@id":"https:\/\/secure.gravatar.com\/avatar\/1a8e59161b4e94a82dfd155a09e77b3f88a19e151a72eb8d6df8ce83677e4847?s=96&d=mm&r=g","url":"https:\/\/secure.gravatar.com\/avatar\/1a8e59161b4e94a82dfd155a09e77b3f88a19e151a72eb8d6df8ce83677e4847?s=96&d=mm&r=g","contentUrl":"https:\/\/secure.gravatar.com\/avatar\/1a8e59161b4e94a82dfd155a09e77b3f88a19e151a72eb8d6df8ce83677e4847?s=96&d=mm&r=g","caption":"Verena Schilling"}}]}},"jetpack_featured_media_url":"https:\/\/www.tgs-somborn.de\/start\/wp-content\/uploads\/2023\/11\/Hallenbelegungsplan-2024_KW-45-pdf.jpg","jetpack_shortlink":"https:\/\/wp.me\/p9Nob7-fd","jetpack-related-posts":[{"id":468,"url":"https:\/\/www.tgs-somborn.de\/start\/tgs-sagt-rewe-danke\/","url_meta":{"origin":943,"position":0},"title":"TGS sagt REWE &#8222;Danke&#8220;","author":"J\u00f6rg Zipf","date":"2. August 2020","format":false,"excerpt":"Mit Hilfe der bundesweiten REWE \u2013 Aktion \u201eScheine f\u00fcr Vereine: Mach deinen Sportverein gl\u00fccklich\u201c l\u00f6ste die Turngesellschaft (TGS) Somborn im Januar 2020 diverse Sportger\u00e4te als Pr\u00e4mien ein. So konnten beispielsweise Softb\u00e4lle und Balance- und Koordinationsger\u00e4te f\u00fcr die Gymnastikgruppen sowie Speed-Ropes und drei Air Floors f\u00fcr die Turngruppen kostenlos angeschafft werden.\u2026","rel":"","context":"In &quot;Allgemein&quot;","block_context":{"text":"Allgemein","link":"https:\/\/www.tgs-somborn.de\/start\/category\/allgemein\/"},"img":{"alt_text":"TGS sagt REWE danke","src":"https:\/\/i0.wp.com\/www.tgs-somborn.de\/start\/wp-content\/uploads\/2020\/08\/IMG-20200704-WA0001.jpg?fit=1024%2C768&ssl=1&resize=350%2C200","width":350,"height":200,"srcset":"https:\/\/i0.wp.com\/www.tgs-somborn.de\/start\/wp-content\/uploads\/2020\/08\/IMG-20200704-WA0001.jpg?fit=1024%2C768&ssl=1&resize=350%2C200 1x, https:\/\/i0.wp.com\/www.tgs-somborn.de\/start\/wp-content\/uploads\/2020\/08\/IMG-20200704-WA0001.jpg?fit=1024%2C768&ssl=1&resize=525%2C300 1.5x, https:\/\/i0.wp.com\/www.tgs-somborn.de\/start\/wp-content\/uploads\/2020\/08\/IMG-20200704-WA0001.jpg?fit=1024%2C768&ssl=1&resize=700%2C400 2x"},"classes":[]},{"id":475,"url":"https:\/\/www.tgs-somborn.de\/start\/mitgliederversammlung-2020-zweiter-versuch\/","url_meta":{"origin":943,"position":1},"title":"Mitgliederversammlung 2020 &#8211; zweiter Versuch","author":"J\u00f6rg Zipf","date":"2. August 2020","format":false,"excerpt":"Einladung zur\u00a0Mitgliederversammlung Sehr geehrte Vereinsmitglieder, bedingt durch die Corona-Pandemi konnte die Mitgliederversammlung 2020 nicht wie geplant im M\u00e4rz stattfinden. Deshalb laden wir Sie\/ Euch erneut recht herzlich am Samstag, 22. August um 18 Uhr in die Turnhalle-Josefstra\u00dfe, ein. Den Ablauf passen wir den g\u00fcltigen Vorschriften an. Nicht alle Berichte werden\u2026","rel":"","context":"In &quot;Allgemein&quot;","block_context":{"text":"Allgemein","link":"https:\/\/www.tgs-somborn.de\/start\/category\/allgemein\/"},"img":{"alt_text":"","src":"","width":0,"height":0},"classes":[]},{"id":360,"url":"https:\/\/www.tgs-somborn.de\/start\/jahreshauptversammlung-2019\/","url_meta":{"origin":943,"position":2},"title":"Jahreshauptversammlung 2019","author":"J\u00f6rg Zipf","date":"18. M\u00e4rz 2019","format":false,"excerpt":"Einladung zur Jahreshauptversammlung Zur Mitgliederversammlung 2019 laden wir Sie\/Euch recht herzlich am Freitag, den 22.03. um 20 Uhr in das Vereinsheim, Turnhalle, Josefstra\u00dfe, ein. Tagesordnung: 1.) Er\u00f6ffnung und Begr\u00fc\u00dfung 2.) Feststellung der ordnungsgem\u00e4\u00dfen Einberufung, der Zahl der anwesenden\u00a0stimmberechtigten Mitglieder und der Beschlussf\u00e4higkeit der MV 3.) Jahresbericht des Vorstandes - Vorsitzender\u2026","rel":"","context":"In &quot;Allgemein&quot;","block_context":{"text":"Allgemein","link":"https:\/\/www.tgs-somborn.de\/start\/category\/allgemein\/"},"img":{"alt_text":"","src":"","width":0,"height":0},"classes":[]},{"id":427,"url":"https:\/\/www.tgs-somborn.de\/start\/mitgliederversammlung-2020\/","url_meta":{"origin":943,"position":3},"title":"Mitgliederversammlung 2020","author":"J\u00f6rg Zipf","date":"12. Februar 2020","format":false,"excerpt":"Einladung zur Jahreshauptversammlung Sehr geehrte Vereinsmitglieder, zur Mitgliederversammlung 2020 laden wir Sie\/ Euch recht herzlich am Freitag, 20. M\u00e4rz umd 20 Uhr in das Vereinsheim, Turnhalle, Josefstra\u00dfe, ein. Tagesordnung: 1.) Er\u00f6ffnung und Begr\u00fc\u00dfung 2.) Feststellung der ordnungsgem\u00e4\u00dfen Einberufung, der Zahl der anwesenden stimmberechtigten Mitglieder und der Beschlussf\u00e4higkeit der MV 3.)\u2026","rel":"","context":"In &quot;Allgemein&quot;","block_context":{"text":"Allgemein","link":"https:\/\/www.tgs-somborn.de\/start\/category\/allgemein\/"},"img":{"alt_text":"","src":"","width":0,"height":0},"classes":[]},{"id":73,"url":"https:\/\/www.tgs-somborn.de\/start\/turnen-auf-dem-rathausplatz\/","url_meta":{"origin":943,"position":4},"title":"Turnen auf dem Rathausplatz","author":"J\u00f6rg Zipf","date":"12. April 2018","format":false,"excerpt":"Unser Vereinsjubil\u00e4um, 130 Jahre TGS Somborn, hat uns dazu bewogen, die Turnhalle zu verlassen. Am 26. Mai 2018, zwischen 10.00 und 14.00 Uhr, verwandelt sich der Rathausplatz in Somborn in eine gro\u00dfe \u201eOpen-Air-Turnhalle\u201c. Auf unserer Show-B\u00fchne werden sich verschiedene Gruppen auf turnerische, t\u00e4nzerische und akrobatische Weise pr\u00e4sentieren. Dort wird gegen\u2026","rel":"","context":"In &quot;Allgemein&quot;","block_context":{"text":"Allgemein","link":"https:\/\/www.tgs-somborn.de\/start\/category\/allgemein\/"},"img":{"alt_text":"","src":"","width":0,"height":0},"classes":[]},{"id":388,"url":"https:\/\/www.tgs-somborn.de\/start\/skigymnastik-kursangebot-2019\/","url_meta":{"origin":943,"position":5},"title":"Skigymnastik Kursangebot 2019","author":"J\u00f6rg Zipf","date":"19. September 2019","format":false,"excerpt":"Skigymnastik Um das volle Fahrvergn\u00fcgen auf der Skipiste genie\u00dfen zu k\u00f6nnen und Verletzungen zu vermeiden, sollte man seine Muskeln mit Skigymnastik schon im Voraus gut trainieren. Kommen Sie in die Turnhalle und machen Sie sich fit f\u00fcr den kommenden Winterurlaub! Beginn: \u00a0\u00a0\u00a0\u00a0\u00a0\u00a0\u00a0 Freitag, 18. Oktober 2019 Uhrzeit: \u00a0\u00a0\u00a0\u00a0\u00a0\u00a0 19.30 \u2013\u2026","rel":"","context":"In &quot;Allgemein&quot;","block_context":{"text":"Allgemein","link":"https:\/\/www.tgs-somborn.de\/start\/category\/allgemein\/"},"img":{"alt_text":"Skifahrer auf der Piste","src":"https:\/\/i0.wp.com\/www.tgs-somborn.de\/start\/wp-content\/uploads\/2019\/09\/skigymnastik_web.jpg?fit=800%2C533&ssl=1&resize=350%2C200","width":350,"height":200,"srcset":"https:\/\/i0.wp.com\/www.tgs-somborn.de\/start\/wp-content\/uploads\/2019\/09\/skigymnastik_web.jpg?fit=800%2C533&ssl=1&resize=350%2C200 1x, https:\/\/i0.wp.com\/www.tgs-somborn.de\/start\/wp-content\/uploads\/2019\/09\/skigymnastik_web.jpg?fit=800%2C533&ssl=1&resize=525%2C300 1.5x, https:\/\/i0.wp.com\/www.tgs-somborn.de\/start\/wp-content\/uploads\/2019\/09\/skigymnastik_web.jpg?fit=800%2C533&ssl=1&resize=700%2C400 2x"},"classes":[]}],"jetpack_sharing_enabled":true,"_links":{"self":[{"href":"https:\/\/www.tgs-somborn.de\/start\/wp-json\/wp\/v2\/posts\/943","targetHints":{"allow":["GET"]}}],"collection":[{"href":"https:\/\/www.tgs-somborn.de\/start\/wp-json\/wp\/v2\/posts"}],"about":[{"href":"https:\/\/www.tgs-somborn.de\/start\/wp-json\/wp\/v2\/types\/post"}],"author":[{"embeddable":true,"href":"https:\/\/www.tgs-somborn.de\/start\/wp-json\/wp\/v2\/users\/3"}],"replies":[{"embeddable":true,"href":"https:\/\/www.tgs-somborn.de\/start\/wp-json\/wp\/v2\/comments?post=943"}],"version-history":[{"count":4,"href":"https:\/\/www.tgs-somborn.de\/start\/wp-json\/wp\/v2\/posts\/943\/revisions"}],"predecessor-version":[{"id":1114,"href":"https:\/\/www.tgs-somborn.de\/start\/wp-json\/wp\/v2\/posts\/943\/revisions\/1114"}],"wp:featuredmedia":[{"embeddable":true,"href":"https:\/\/www.tgs-somborn.de\/start\/wp-json\/wp\/v2\/media\/1113"}],"wp:attachment":[{"href":"https:\/\/www.tgs-somborn.de\/start\/wp-json\/wp\/v2\/media?parent=943"}],"wp:term":[{"taxonomy":"category","embeddable":true,"href":"https:\/\/www.tgs-somborn.de\/start\/wp-json\/wp\/v2\/categories?post=943"},{"taxonomy":"post_tag","embeddable":true,"href":"https:\/\/www.tgs-somborn.de\/start\/wp-json\/wp\/v2\/tags?post=943"}],"curies":[{"name":"wp","href":"https:\/\/api.w.org\/{rel}","templated":true}]}}