{"id":908,"date":"2023-06-09T12:29:33","date_gmt":"2023-06-09T10:29:33","guid":{"rendered":"https:\/\/www.tgs-somborn.de\/start\/?p=908"},"modified":"2023-11-16T17:18:10","modified_gmt":"2023-11-16T16:18:10","slug":"sommerfest-2023","status":"publish","type":"post","link":"https:\/\/www.tgs-somborn.de\/start\/sommerfest-2023\/","title":{"rendered":"Sommerfest 2023"},"content":{"rendered":"\n<p>Herzliche Einladung!<\/p>\n","protected":false},"excerpt":{"rendered":"<p>Herzliche Einladung!<\/p>\n","protected":false},"author":3,"featured_media":911,"comment_status":"closed","ping_status":"open","sticky":false,"template":"","format":"standard","meta":{"_jetpack_memberships_contains_paid_content":false,"footnotes":""},"categories":[1,3],"tags":[8,10],"class_list":["post-908","post","type-post","status-publish","format-standard","has-post-thumbnail","hentry","category-allgemein","category-veranstaltung","tag-sommerfest","tag-veranstaltung"],"yoast_head":"<!-- This site is optimized with the Yoast SEO plugin v27.5 - https:\/\/yoast.com\/product\/yoast-seo-wordpress\/ -->\n<title>Sommerfest 2023 | Turngesellschaft 1888 e.V. Somborn<\/title>\n<meta name=\"robots\" content=\"index, follow, max-snippet:-1, max-image-preview:large, max-video-preview:-1\" \/>\n<link rel=\"canonical\" href=\"https:\/\/www.tgs-somborn.de\/start\/sommerfest-2023\/\" \/>\n<meta property=\"og:locale\" content=\"de_DE\" \/>\n<meta property=\"og:type\" content=\"article\" \/>\n<meta property=\"og:title\" content=\"Sommerfest 2023 | Turngesellschaft 1888 e.V. Somborn\" \/>\n<meta property=\"og:description\" content=\"Herzliche Einladung!\" \/>\n<meta property=\"og:url\" content=\"https:\/\/www.tgs-somborn.de\/start\/sommerfest-2023\/\" \/>\n<meta property=\"og:site_name\" content=\"Turngesellschaft 1888 e.V. Somborn\" \/>\n<meta property=\"article:publisher\" content=\"http:\/\/www.facebook.com\/TurngesellschaftSomborn\" \/>\n<meta property=\"article:published_time\" content=\"2023-06-09T10:29:33+00:00\" \/>\n<meta property=\"article:modified_time\" content=\"2023-11-16T16:18:10+00:00\" \/>\n<meta name=\"author\" content=\"Verena Schilling\" \/>\n<meta name=\"twitter:card\" content=\"summary_large_image\" \/>\n<meta name=\"twitter:label1\" content=\"Verfasst von\" \/>\n\t<meta name=\"twitter:data1\" content=\"Verena Schilling\" \/>\n\t<meta name=\"twitter:label2\" content=\"Gesch\u00e4tzte Lesezeit\" \/>\n\t<meta name=\"twitter:data2\" content=\"1\u00a0Minute\" \/>\n<script type=\"application\/ld+json\" class=\"yoast-schema-graph\">{\"@context\":\"https:\\\/\\\/schema.org\",\"@graph\":[{\"@type\":\"Article\",\"@id\":\"https:\\\/\\\/www.tgs-somborn.de\\\/start\\\/sommerfest-2023\\\/#article\",\"isPartOf\":{\"@id\":\"https:\\\/\\\/www.tgs-somborn.de\\\/start\\\/sommerfest-2023\\\/\"},\"author\":{\"name\":\"Verena Schilling\",\"@id\":\"https:\\\/\\\/www.tgs-somborn.de\\\/start\\\/#\\\/schema\\\/person\\\/7b2ba8599458e044b8c5dd1cecba9729\"},\"headline\":\"Sommerfest 2023\",\"datePublished\":\"2023-06-09T10:29:33+00:00\",\"dateModified\":\"2023-11-16T16:18:10+00:00\",\"mainEntityOfPage\":{\"@id\":\"https:\\\/\\\/www.tgs-somborn.de\\\/start\\\/sommerfest-2023\\\/\"},\"wordCount\":3,\"publisher\":{\"@id\":\"https:\\\/\\\/www.tgs-somborn.de\\\/start\\\/#organization\"},\"image\":{\"@id\":\"https:\\\/\\\/www.tgs-somborn.de\\\/start\\\/sommerfest-2023\\\/#primaryimage\"},\"thumbnailUrl\":\"https:\\\/\\\/www.tgs-somborn.de\\\/start\\\/wp-content\\\/uploads\\\/2023\\\/06\\\/Sommerfest2023_EinseitigBeide-pdf.jpg\",\"keywords\":[\"Sommerfest\",\"Veranstaltung\"],\"articleSection\":{\"1\":\"Veranstaltung\"},\"inLanguage\":\"de\"},{\"@type\":\"WebPage\",\"@id\":\"https:\\\/\\\/www.tgs-somborn.de\\\/start\\\/sommerfest-2023\\\/\",\"url\":\"https:\\\/\\\/www.tgs-somborn.de\\\/start\\\/sommerfest-2023\\\/\",\"name\":\"Sommerfest 2023 | Turngesellschaft 1888 e.V. Somborn\",\"isPartOf\":{\"@id\":\"https:\\\/\\\/www.tgs-somborn.de\\\/start\\\/#website\"},\"primaryImageOfPage\":{\"@id\":\"https:\\\/\\\/www.tgs-somborn.de\\\/start\\\/sommerfest-2023\\\/#primaryimage\"},\"image\":{\"@id\":\"https:\\\/\\\/www.tgs-somborn.de\\\/start\\\/sommerfest-2023\\\/#primaryimage\"},\"thumbnailUrl\":\"https:\\\/\\\/www.tgs-somborn.de\\\/start\\\/wp-content\\\/uploads\\\/2023\\\/06\\\/Sommerfest2023_EinseitigBeide-pdf.jpg\",\"datePublished\":\"2023-06-09T10:29:33+00:00\",\"dateModified\":\"2023-11-16T16:18:10+00:00\",\"breadcrumb\":{\"@id\":\"https:\\\/\\\/www.tgs-somborn.de\\\/start\\\/sommerfest-2023\\\/#breadcrumb\"},\"inLanguage\":\"de\",\"potentialAction\":[{\"@type\":\"ReadAction\",\"target\":[\"https:\\\/\\\/www.tgs-somborn.de\\\/start\\\/sommerfest-2023\\\/\"]}]},{\"@type\":\"ImageObject\",\"inLanguage\":\"de\",\"@id\":\"https:\\\/\\\/www.tgs-somborn.de\\\/start\\\/sommerfest-2023\\\/#primaryimage\",\"url\":\"https:\\\/\\\/www.tgs-somborn.de\\\/start\\\/wp-content\\\/uploads\\\/2023\\\/06\\\/Sommerfest2023_EinseitigBeide-pdf.jpg\",\"contentUrl\":\"https:\\\/\\\/www.tgs-somborn.de\\\/start\\\/wp-content\\\/uploads\\\/2023\\\/06\\\/Sommerfest2023_EinseitigBeide-pdf.jpg\"},{\"@type\":\"BreadcrumbList\",\"@id\":\"https:\\\/\\\/www.tgs-somborn.de\\\/start\\\/sommerfest-2023\\\/#breadcrumb\",\"itemListElement\":[{\"@type\":\"ListItem\",\"position\":1,\"name\":\"Startseite\",\"item\":\"https:\\\/\\\/www.tgs-somborn.de\\\/start\\\/\"},{\"@type\":\"ListItem\",\"position\":2,\"name\":\"Sommerfest 2023\"}]},{\"@type\":\"WebSite\",\"@id\":\"https:\\\/\\\/www.tgs-somborn.de\\\/start\\\/#website\",\"url\":\"https:\\\/\\\/www.tgs-somborn.de\\\/start\\\/\",\"name\":\"Turngesellschaft 1888 e.V. Somborn\",\"description\":\"Der Verein f\u00fcr die ganze Familie\",\"publisher\":{\"@id\":\"https:\\\/\\\/www.tgs-somborn.de\\\/start\\\/#organization\"},\"potentialAction\":[{\"@type\":\"SearchAction\",\"target\":{\"@type\":\"EntryPoint\",\"urlTemplate\":\"https:\\\/\\\/www.tgs-somborn.de\\\/start\\\/?s={search_term_string}\"},\"query-input\":{\"@type\":\"PropertyValueSpecification\",\"valueRequired\":true,\"valueName\":\"search_term_string\"}}],\"inLanguage\":\"de\"},{\"@type\":\"Organization\",\"@id\":\"https:\\\/\\\/www.tgs-somborn.de\\\/start\\\/#organization\",\"name\":\"Turngesellschaft 1888 e. V. Somborn\",\"url\":\"https:\\\/\\\/www.tgs-somborn.de\\\/start\\\/\",\"logo\":{\"@type\":\"ImageObject\",\"inLanguage\":\"de\",\"@id\":\"https:\\\/\\\/www.tgs-somborn.de\\\/start\\\/#\\\/schema\\\/logo\\\/image\\\/\",\"url\":\"https:\\\/\\\/i0.wp.com\\\/www.tgs-somborn.de\\\/start\\\/wp-content\\\/uploads\\\/2018\\\/01\\\/cropped-tgs_wappen-1.gif?fit=198%2C243&ssl=1\",\"contentUrl\":\"https:\\\/\\\/i0.wp.com\\\/www.tgs-somborn.de\\\/start\\\/wp-content\\\/uploads\\\/2018\\\/01\\\/cropped-tgs_wappen-1.gif?fit=198%2C243&ssl=1\",\"width\":198,\"height\":243,\"caption\":\"Turngesellschaft 1888 e. V. Somborn\"},\"image\":{\"@id\":\"https:\\\/\\\/www.tgs-somborn.de\\\/start\\\/#\\\/schema\\\/logo\\\/image\\\/\"},\"sameAs\":[\"http:\\\/\\\/www.facebook.com\\\/TurngesellschaftSomborn\"]},{\"@type\":\"Person\",\"@id\":\"https:\\\/\\\/www.tgs-somborn.de\\\/start\\\/#\\\/schema\\\/person\\\/7b2ba8599458e044b8c5dd1cecba9729\",\"name\":\"Verena Schilling\",\"image\":{\"@type\":\"ImageObject\",\"inLanguage\":\"de\",\"@id\":\"https:\\\/\\\/secure.gravatar.com\\\/avatar\\\/1a8e59161b4e94a82dfd155a09e77b3f88a19e151a72eb8d6df8ce83677e4847?s=96&d=mm&r=g\",\"url\":\"https:\\\/\\\/secure.gravatar.com\\\/avatar\\\/1a8e59161b4e94a82dfd155a09e77b3f88a19e151a72eb8d6df8ce83677e4847?s=96&d=mm&r=g\",\"contentUrl\":\"https:\\\/\\\/secure.gravatar.com\\\/avatar\\\/1a8e59161b4e94a82dfd155a09e77b3f88a19e151a72eb8d6df8ce83677e4847?s=96&d=mm&r=g\",\"caption\":\"Verena Schilling\"}}]}<\/script>\n<!-- \/ Yoast SEO plugin. -->","yoast_head_json":{"title":"Sommerfest 2023 | Turngesellschaft 1888 e.V. Somborn","robots":{"index":"index","follow":"follow","max-snippet":"max-snippet:-1","max-image-preview":"max-image-preview:large","max-video-preview":"max-video-preview:-1"},"canonical":"https:\/\/www.tgs-somborn.de\/start\/sommerfest-2023\/","og_locale":"de_DE","og_type":"article","og_title":"Sommerfest 2023 | Turngesellschaft 1888 e.V. Somborn","og_description":"Herzliche Einladung!","og_url":"https:\/\/www.tgs-somborn.de\/start\/sommerfest-2023\/","og_site_name":"Turngesellschaft 1888 e.V. Somborn","article_publisher":"http:\/\/www.facebook.com\/TurngesellschaftSomborn","article_published_time":"2023-06-09T10:29:33+00:00","article_modified_time":"2023-11-16T16:18:10+00:00","author":"Verena Schilling","twitter_card":"summary_large_image","twitter_misc":{"Verfasst von":"Verena Schilling","Gesch\u00e4tzte Lesezeit":"1\u00a0Minute"},"schema":{"@context":"https:\/\/schema.org","@graph":[{"@type":"Article","@id":"https:\/\/www.tgs-somborn.de\/start\/sommerfest-2023\/#article","isPartOf":{"@id":"https:\/\/www.tgs-somborn.de\/start\/sommerfest-2023\/"},"author":{"name":"Verena Schilling","@id":"https:\/\/www.tgs-somborn.de\/start\/#\/schema\/person\/7b2ba8599458e044b8c5dd1cecba9729"},"headline":"Sommerfest 2023","datePublished":"2023-06-09T10:29:33+00:00","dateModified":"2023-11-16T16:18:10+00:00","mainEntityOfPage":{"@id":"https:\/\/www.tgs-somborn.de\/start\/sommerfest-2023\/"},"wordCount":3,"publisher":{"@id":"https:\/\/www.tgs-somborn.de\/start\/#organization"},"image":{"@id":"https:\/\/www.tgs-somborn.de\/start\/sommerfest-2023\/#primaryimage"},"thumbnailUrl":"https:\/\/www.tgs-somborn.de\/start\/wp-content\/uploads\/2023\/06\/Sommerfest2023_EinseitigBeide-pdf.jpg","keywords":["Sommerfest","Veranstaltung"],"articleSection":{"1":"Veranstaltung"},"inLanguage":"de"},{"@type":"WebPage","@id":"https:\/\/www.tgs-somborn.de\/start\/sommerfest-2023\/","url":"https:\/\/www.tgs-somborn.de\/start\/sommerfest-2023\/","name":"Sommerfest 2023 | Turngesellschaft 1888 e.V. Somborn","isPartOf":{"@id":"https:\/\/www.tgs-somborn.de\/start\/#website"},"primaryImageOfPage":{"@id":"https:\/\/www.tgs-somborn.de\/start\/sommerfest-2023\/#primaryimage"},"image":{"@id":"https:\/\/www.tgs-somborn.de\/start\/sommerfest-2023\/#primaryimage"},"thumbnailUrl":"https:\/\/www.tgs-somborn.de\/start\/wp-content\/uploads\/2023\/06\/Sommerfest2023_EinseitigBeide-pdf.jpg","datePublished":"2023-06-09T10:29:33+00:00","dateModified":"2023-11-16T16:18:10+00:00","breadcrumb":{"@id":"https:\/\/www.tgs-somborn.de\/start\/sommerfest-2023\/#breadcrumb"},"inLanguage":"de","potentialAction":[{"@type":"ReadAction","target":["https:\/\/www.tgs-somborn.de\/start\/sommerfest-2023\/"]}]},{"@type":"ImageObject","inLanguage":"de","@id":"https:\/\/www.tgs-somborn.de\/start\/sommerfest-2023\/#primaryimage","url":"https:\/\/www.tgs-somborn.de\/start\/wp-content\/uploads\/2023\/06\/Sommerfest2023_EinseitigBeide-pdf.jpg","contentUrl":"https:\/\/www.tgs-somborn.de\/start\/wp-content\/uploads\/2023\/06\/Sommerfest2023_EinseitigBeide-pdf.jpg"},{"@type":"BreadcrumbList","@id":"https:\/\/www.tgs-somborn.de\/start\/sommerfest-2023\/#breadcrumb","itemListElement":[{"@type":"ListItem","position":1,"name":"Startseite","item":"https:\/\/www.tgs-somborn.de\/start\/"},{"@type":"ListItem","position":2,"name":"Sommerfest 2023"}]},{"@type":"WebSite","@id":"https:\/\/www.tgs-somborn.de\/start\/#website","url":"https:\/\/www.tgs-somborn.de\/start\/","name":"Turngesellschaft 1888 e.V. Somborn","description":"Der Verein f\u00fcr die ganze Familie","publisher":{"@id":"https:\/\/www.tgs-somborn.de\/start\/#organization"},"potentialAction":[{"@type":"SearchAction","target":{"@type":"EntryPoint","urlTemplate":"https:\/\/www.tgs-somborn.de\/start\/?s={search_term_string}"},"query-input":{"@type":"PropertyValueSpecification","valueRequired":true,"valueName":"search_term_string"}}],"inLanguage":"de"},{"@type":"Organization","@id":"https:\/\/www.tgs-somborn.de\/start\/#organization","name":"Turngesellschaft 1888 e. V. Somborn","url":"https:\/\/www.tgs-somborn.de\/start\/","logo":{"@type":"ImageObject","inLanguage":"de","@id":"https:\/\/www.tgs-somborn.de\/start\/#\/schema\/logo\/image\/","url":"https:\/\/i0.wp.com\/www.tgs-somborn.de\/start\/wp-content\/uploads\/2018\/01\/cropped-tgs_wappen-1.gif?fit=198%2C243&ssl=1","contentUrl":"https:\/\/i0.wp.com\/www.tgs-somborn.de\/start\/wp-content\/uploads\/2018\/01\/cropped-tgs_wappen-1.gif?fit=198%2C243&ssl=1","width":198,"height":243,"caption":"Turngesellschaft 1888 e. V. Somborn"},"image":{"@id":"https:\/\/www.tgs-somborn.de\/start\/#\/schema\/logo\/image\/"},"sameAs":["http:\/\/www.facebook.com\/TurngesellschaftSomborn"]},{"@type":"Person","@id":"https:\/\/www.tgs-somborn.de\/start\/#\/schema\/person\/7b2ba8599458e044b8c5dd1cecba9729","name":"Verena Schilling","image":{"@type":"ImageObject","inLanguage":"de","@id":"https:\/\/secure.gravatar.com\/avatar\/1a8e59161b4e94a82dfd155a09e77b3f88a19e151a72eb8d6df8ce83677e4847?s=96&d=mm&r=g","url":"https:\/\/secure.gravatar.com\/avatar\/1a8e59161b4e94a82dfd155a09e77b3f88a19e151a72eb8d6df8ce83677e4847?s=96&d=mm&r=g","contentUrl":"https:\/\/secure.gravatar.com\/avatar\/1a8e59161b4e94a82dfd155a09e77b3f88a19e151a72eb8d6df8ce83677e4847?s=96&d=mm&r=g","caption":"Verena Schilling"}}]}},"jetpack_featured_media_url":"https:\/\/www.tgs-somborn.de\/start\/wp-content\/uploads\/2023\/06\/Sommerfest2023_EinseitigBeide-pdf.jpg","jetpack_shortlink":"https:\/\/wp.me\/p9Nob7-eE","jetpack-related-posts":[{"id":179,"url":"https:\/\/www.tgs-somborn.de\/start\/jubilaeums-sommerfest\/","url_meta":{"origin":908,"position":0},"title":"Jubil\u00e4ums-Sommerfest","author":"J\u00f6rg Zipf","date":"10. August 2018","format":false,"excerpt":"Am letzten Augustwochenende vom 25. bis 26. August ist es endlich soweit, wir feiern unseren 130. Geburtstag mit einem Jubil\u00e4ums-Sommerfest. Zwei Tage feiern wir auf unserem Turnhallengel\u00e4nde mit viel Livemusik, gutem Essen, Cocktails uvm. Hier gibts den ganzen Sommerfest-Fleyer zum Dornload: TGS Sommerfest 2018 Fleyer","rel":"","context":"In &quot;Allgemein&quot;","block_context":{"text":"Allgemein","link":"https:\/\/www.tgs-somborn.de\/start\/category\/allgemein\/"},"img":{"alt_text":"TGS-Sommerfest Titelbild","src":"https:\/\/i0.wp.com\/www.tgs-somborn.de\/start\/wp-content\/uploads\/2018\/08\/Sommerfest_Titelbild.jpg?fit=1000%2C701&ssl=1&resize=350%2C200","width":350,"height":200,"srcset":"https:\/\/i0.wp.com\/www.tgs-somborn.de\/start\/wp-content\/uploads\/2018\/08\/Sommerfest_Titelbild.jpg?fit=1000%2C701&ssl=1&resize=350%2C200 1x, https:\/\/i0.wp.com\/www.tgs-somborn.de\/start\/wp-content\/uploads\/2018\/08\/Sommerfest_Titelbild.jpg?fit=1000%2C701&ssl=1&resize=525%2C300 1.5x, https:\/\/i0.wp.com\/www.tgs-somborn.de\/start\/wp-content\/uploads\/2018\/08\/Sommerfest_Titelbild.jpg?fit=1000%2C701&ssl=1&resize=700%2C400 2x"},"classes":[]},{"id":886,"url":"https:\/\/www.tgs-somborn.de\/start\/jahreshauptversammlung-2023\/","url_meta":{"origin":908,"position":1},"title":"Jahreshauptversammlung 2023","author":"Verena Schilling","date":"16. M\u00e4rz 2023","format":false,"excerpt":"Herzliche Einladung zu unserer diesj\u00e4hrigen Jahreshauptversammlung am 31.M\u00e4rz um 20 Uhr in der vereinseigenen Turnhalle.","rel":"","context":"In &quot;Allgemein&quot;","block_context":{"text":"Allgemein","link":"https:\/\/www.tgs-somborn.de\/start\/category\/allgemein\/"},"img":{"alt_text":"","src":"","width":0,"height":0},"classes":[]},{"id":889,"url":"https:\/\/www.tgs-somborn.de\/start\/889-2\/","url_meta":{"origin":908,"position":2},"title":"Karfreitagsessen 2023","author":"Verena Schilling","date":"16. M\u00e4rz 2023","format":false,"excerpt":"Karfreitagsessen bei der TGS mit Handk\u00e4s und Kl\u00f6\u00df","rel":"","context":"In &quot;Allgemein&quot;","block_context":{"text":"Allgemein","link":"https:\/\/www.tgs-somborn.de\/start\/category\/allgemein\/"},"img":{"alt_text":"","src":"","width":0,"height":0},"classes":[]},{"id":773,"url":"https:\/\/www.tgs-somborn.de\/start\/kein-maskenball-aber-ein-zweitaegiges-sommerfest\/","url_meta":{"origin":908,"position":3},"title":"Kein Maskenball &#8211; aber ein zweit\u00e4giges Sommerfest!","author":"Verena Schilling","date":"26. Januar 2023","format":false,"excerpt":"Leider m\u00fcssen wir in diesem Jahr unseren beliebten Turnermaskenball am Faschingssamstag noch einmal ausfallen lassen. Wir hoffen, dass wir im n\u00e4chsten Jahr wieder kr\u00e4ftig mit euch Narren in der Turnhalle feiern k\u00f6nnen. Um jedoch nicht ganz auf eine Party mit euch verzichten zu m\u00fcssen, sei schon jetzt auf unser zweit\u00e4giges\u2026","rel":"","context":"In &quot;Allgemein&quot;","block_context":{"text":"Allgemein","link":"https:\/\/www.tgs-somborn.de\/start\/category\/allgemein\/"},"img":{"alt_text":"","src":"","width":0,"height":0},"classes":[]},{"id":406,"url":"https:\/\/www.tgs-somborn.de\/start\/einladung-familienabend-2019\/","url_meta":{"origin":908,"position":4},"title":"Einladung Familienabend 2019","author":"J\u00f6rg Zipf","date":"3. Dezember 2019","format":false,"excerpt":"Alle Vereinsmitglieder mit ihren Familienangeho\u0308rigen, Freunden und Bekannten laden wir herzlich zu unserem Familienabend, am 14. Dezember 2019 um 19.30 Uhr in unsere Vereinsturnhalle recht herzlich ein. Au\u00dfer den Ehrungen langja\u0308hriger Vereinsmitglieder haben wir ein buntes Programm fu\u0308r Sie zusammengestellt. Wir hoffen auf zahlreiches Erscheinen unserer Mitglieder und deren Freunde,\u2026","rel":"","context":"In &quot;Veranstaltung&quot;","block_context":{"text":"Veranstaltung","link":"https:\/\/www.tgs-somborn.de\/start\/category\/veranstaltung\/"},"img":{"alt_text":"","src":"https:\/\/i0.wp.com\/www.tgs-somborn.de\/start\/wp-content\/uploads\/2019\/12\/Tannenbaum-e1575387577961.jpg?fit=326%2C400&ssl=1&resize=350%2C200","width":350,"height":200},"classes":[]},{"id":360,"url":"https:\/\/www.tgs-somborn.de\/start\/jahreshauptversammlung-2019\/","url_meta":{"origin":908,"position":5},"title":"Jahreshauptversammlung 2019","author":"J\u00f6rg Zipf","date":"18. M\u00e4rz 2019","format":false,"excerpt":"Einladung zur Jahreshauptversammlung Zur Mitgliederversammlung 2019 laden wir Sie\/Euch recht herzlich am Freitag, den 22.03. um 20 Uhr in das Vereinsheim, Turnhalle, Josefstra\u00dfe, ein. Tagesordnung: 1.) Er\u00f6ffnung und Begr\u00fc\u00dfung 2.) Feststellung der ordnungsgem\u00e4\u00dfen Einberufung, der Zahl der anwesenden\u00a0stimmberechtigten Mitglieder und der Beschlussf\u00e4higkeit der MV 3.) Jahresbericht des Vorstandes - Vorsitzender\u2026","rel":"","context":"In &quot;Allgemein&quot;","block_context":{"text":"Allgemein","link":"https:\/\/www.tgs-somborn.de\/start\/category\/allgemein\/"},"img":{"alt_text":"","src":"","width":0,"height":0},"classes":[]}],"jetpack_sharing_enabled":true,"_links":{"self":[{"href":"https:\/\/www.tgs-somborn.de\/start\/wp-json\/wp\/v2\/posts\/908","targetHints":{"allow":["GET"]}}],"collection":[{"href":"https:\/\/www.tgs-somborn.de\/start\/wp-json\/wp\/v2\/posts"}],"about":[{"href":"https:\/\/www.tgs-somborn.de\/start\/wp-json\/wp\/v2\/types\/post"}],"author":[{"embeddable":true,"href":"https:\/\/www.tgs-somborn.de\/start\/wp-json\/wp\/v2\/users\/3"}],"replies":[{"embeddable":true,"href":"https:\/\/www.tgs-somborn.de\/start\/wp-json\/wp\/v2\/comments?post=908"}],"version-history":[{"count":2,"href":"https:\/\/www.tgs-somborn.de\/start\/wp-json\/wp\/v2\/posts\/908\/revisions"}],"predecessor-version":[{"id":912,"href":"https:\/\/www.tgs-somborn.de\/start\/wp-json\/wp\/v2\/posts\/908\/revisions\/912"}],"wp:featuredmedia":[{"embeddable":true,"href":"https:\/\/www.tgs-somborn.de\/start\/wp-json\/wp\/v2\/media\/911"}],"wp:attachment":[{"href":"https:\/\/www.tgs-somborn.de\/start\/wp-json\/wp\/v2\/media?parent=908"}],"wp:term":[{"taxonomy":"category","embeddable":true,"href":"https:\/\/www.tgs-somborn.de\/start\/wp-json\/wp\/v2\/categories?post=908"},{"taxonomy":"post_tag","embeddable":true,"href":"https:\/\/www.tgs-somborn.de\/start\/wp-json\/wp\/v2\/tags?post=908"}],"curies":[{"name":"wp","href":"https:\/\/api.w.org\/{rel}","templated":true}]}}