{"id":1253,"date":"2026-01-17T18:09:21","date_gmt":"2026-01-17T17:09:21","guid":{"rendered":"https:\/\/www.tgs-somborn.de\/start\/?p=1253"},"modified":"2026-01-21T17:16:28","modified_gmt":"2026-01-21T16:16:28","slug":"endlich-zurueck-kinderfasching-bei-der-tgs","status":"publish","type":"post","link":"https:\/\/www.tgs-somborn.de\/start\/endlich-zurueck-kinderfasching-bei-der-tgs\/","title":{"rendered":"Endlich zur\u00fcck: Kinderfasching bei der TGS!"},"content":{"rendered":"\n<p>Am Faschingssonntag (15.02.2026) \u00f6ffnen sich um 14.30 Uhr die T\u00fcren der Turnhalle f\u00fcr ein buntes Faschingstreiben. Wir laden Gro\u00df und Klein recht herzlich zum Kinderfasching ein!<\/p>\n","protected":false},"excerpt":{"rendered":"<p>Am Faschingssonntag (15.02.2026) \u00f6ffnen sich um 14.30 Uhr die T\u00fcren der Turnhalle f\u00fcr ein buntes Faschingstreiben. Wir laden Gro\u00df und Klein recht herzlich zum Kinderfasching ein!<\/p>\n","protected":false},"author":3,"featured_media":1259,"comment_status":"closed","ping_status":"open","sticky":false,"template":"","format":"standard","meta":{"_jetpack_memberships_contains_paid_content":false,"footnotes":""},"categories":[1,3],"tags":[12,39,10],"class_list":["post-1253","post","type-post","status-publish","format-standard","has-post-thumbnail","hentry","category-allgemein","category-veranstaltung","tag-fasching","tag-kinderfasching","tag-veranstaltung"],"yoast_head":"<!-- This site is optimized with the Yoast SEO plugin v27.5 - https:\/\/yoast.com\/product\/yoast-seo-wordpress\/ -->\n<title>Endlich zur\u00fcck: Kinderfasching bei der TGS! | Turngesellschaft 1888 e.V. Somborn<\/title>\n<meta name=\"robots\" content=\"index, follow, max-snippet:-1, max-image-preview:large, max-video-preview:-1\" \/>\n<link rel=\"canonical\" href=\"https:\/\/www.tgs-somborn.de\/start\/endlich-zurueck-kinderfasching-bei-der-tgs\/\" \/>\n<meta property=\"og:locale\" content=\"de_DE\" \/>\n<meta property=\"og:type\" content=\"article\" \/>\n<meta property=\"og:title\" content=\"Endlich zur\u00fcck: Kinderfasching bei der TGS! | Turngesellschaft 1888 e.V. Somborn\" \/>\n<meta property=\"og:description\" content=\"Am Faschingssonntag (15.02.2026) \u00f6ffnen sich um 14.30 Uhr die T\u00fcren der Turnhalle f\u00fcr ein buntes Faschingstreiben. Wir laden Gro\u00df und Klein recht herzlich zum Kinderfasching ein!\" \/>\n<meta property=\"og:url\" content=\"https:\/\/www.tgs-somborn.de\/start\/endlich-zurueck-kinderfasching-bei-der-tgs\/\" \/>\n<meta property=\"og:site_name\" content=\"Turngesellschaft 1888 e.V. Somborn\" \/>\n<meta property=\"article:publisher\" content=\"http:\/\/www.facebook.com\/TurngesellschaftSomborn\" \/>\n<meta property=\"article:published_time\" content=\"2026-01-17T17:09:21+00:00\" \/>\n<meta property=\"article:modified_time\" content=\"2026-01-21T16:16:28+00:00\" \/>\n<meta name=\"author\" content=\"Verena Schilling\" \/>\n<meta name=\"twitter:card\" content=\"summary_large_image\" \/>\n<meta name=\"twitter:label1\" content=\"Verfasst von\" \/>\n\t<meta name=\"twitter:data1\" content=\"Verena Schilling\" \/>\n\t<meta name=\"twitter:label2\" content=\"Gesch\u00e4tzte Lesezeit\" \/>\n\t<meta name=\"twitter:data2\" content=\"1\u00a0Minute\" \/>\n<script type=\"application\/ld+json\" class=\"yoast-schema-graph\">{\"@context\":\"https:\\\/\\\/schema.org\",\"@graph\":[{\"@type\":\"Article\",\"@id\":\"https:\\\/\\\/www.tgs-somborn.de\\\/start\\\/endlich-zurueck-kinderfasching-bei-der-tgs\\\/#article\",\"isPartOf\":{\"@id\":\"https:\\\/\\\/www.tgs-somborn.de\\\/start\\\/endlich-zurueck-kinderfasching-bei-der-tgs\\\/\"},\"author\":{\"name\":\"Verena Schilling\",\"@id\":\"https:\\\/\\\/www.tgs-somborn.de\\\/start\\\/#\\\/schema\\\/person\\\/7b2ba8599458e044b8c5dd1cecba9729\"},\"headline\":\"Endlich zur\u00fcck: Kinderfasching bei der TGS!\",\"datePublished\":\"2026-01-17T17:09:21+00:00\",\"dateModified\":\"2026-01-21T16:16:28+00:00\",\"mainEntityOfPage\":{\"@id\":\"https:\\\/\\\/www.tgs-somborn.de\\\/start\\\/endlich-zurueck-kinderfasching-bei-der-tgs\\\/\"},\"wordCount\":33,\"publisher\":{\"@id\":\"https:\\\/\\\/www.tgs-somborn.de\\\/start\\\/#organization\"},\"image\":{\"@id\":\"https:\\\/\\\/www.tgs-somborn.de\\\/start\\\/endlich-zurueck-kinderfasching-bei-der-tgs\\\/#primaryimage\"},\"thumbnailUrl\":\"https:\\\/\\\/www.tgs-somborn.de\\\/start\\\/wp-content\\\/uploads\\\/2026\\\/01\\\/Kinderfasching-2024-pdf.jpg\",\"keywords\":[\"Fasching\",\"Kinderfasching\",\"Veranstaltung\"],\"articleSection\":{\"1\":\"Veranstaltung\"},\"inLanguage\":\"de\"},{\"@type\":\"WebPage\",\"@id\":\"https:\\\/\\\/www.tgs-somborn.de\\\/start\\\/endlich-zurueck-kinderfasching-bei-der-tgs\\\/\",\"url\":\"https:\\\/\\\/www.tgs-somborn.de\\\/start\\\/endlich-zurueck-kinderfasching-bei-der-tgs\\\/\",\"name\":\"Endlich zur\u00fcck: Kinderfasching bei der TGS! | Turngesellschaft 1888 e.V. Somborn\",\"isPartOf\":{\"@id\":\"https:\\\/\\\/www.tgs-somborn.de\\\/start\\\/#website\"},\"primaryImageOfPage\":{\"@id\":\"https:\\\/\\\/www.tgs-somborn.de\\\/start\\\/endlich-zurueck-kinderfasching-bei-der-tgs\\\/#primaryimage\"},\"image\":{\"@id\":\"https:\\\/\\\/www.tgs-somborn.de\\\/start\\\/endlich-zurueck-kinderfasching-bei-der-tgs\\\/#primaryimage\"},\"thumbnailUrl\":\"https:\\\/\\\/www.tgs-somborn.de\\\/start\\\/wp-content\\\/uploads\\\/2026\\\/01\\\/Kinderfasching-2024-pdf.jpg\",\"datePublished\":\"2026-01-17T17:09:21+00:00\",\"dateModified\":\"2026-01-21T16:16:28+00:00\",\"breadcrumb\":{\"@id\":\"https:\\\/\\\/www.tgs-somborn.de\\\/start\\\/endlich-zurueck-kinderfasching-bei-der-tgs\\\/#breadcrumb\"},\"inLanguage\":\"de\",\"potentialAction\":[{\"@type\":\"ReadAction\",\"target\":[\"https:\\\/\\\/www.tgs-somborn.de\\\/start\\\/endlich-zurueck-kinderfasching-bei-der-tgs\\\/\"]}]},{\"@type\":\"ImageObject\",\"inLanguage\":\"de\",\"@id\":\"https:\\\/\\\/www.tgs-somborn.de\\\/start\\\/endlich-zurueck-kinderfasching-bei-der-tgs\\\/#primaryimage\",\"url\":\"https:\\\/\\\/www.tgs-somborn.de\\\/start\\\/wp-content\\\/uploads\\\/2026\\\/01\\\/Kinderfasching-2024-pdf.jpg\",\"contentUrl\":\"https:\\\/\\\/www.tgs-somborn.de\\\/start\\\/wp-content\\\/uploads\\\/2026\\\/01\\\/Kinderfasching-2024-pdf.jpg\"},{\"@type\":\"BreadcrumbList\",\"@id\":\"https:\\\/\\\/www.tgs-somborn.de\\\/start\\\/endlich-zurueck-kinderfasching-bei-der-tgs\\\/#breadcrumb\",\"itemListElement\":[{\"@type\":\"ListItem\",\"position\":1,\"name\":\"Startseite\",\"item\":\"https:\\\/\\\/www.tgs-somborn.de\\\/start\\\/\"},{\"@type\":\"ListItem\",\"position\":2,\"name\":\"Endlich zur\u00fcck: Kinderfasching bei der TGS!\"}]},{\"@type\":\"WebSite\",\"@id\":\"https:\\\/\\\/www.tgs-somborn.de\\\/start\\\/#website\",\"url\":\"https:\\\/\\\/www.tgs-somborn.de\\\/start\\\/\",\"name\":\"Turngesellschaft 1888 e.V. Somborn\",\"description\":\"Der Verein f\u00fcr die ganze Familie\",\"publisher\":{\"@id\":\"https:\\\/\\\/www.tgs-somborn.de\\\/start\\\/#organization\"},\"potentialAction\":[{\"@type\":\"SearchAction\",\"target\":{\"@type\":\"EntryPoint\",\"urlTemplate\":\"https:\\\/\\\/www.tgs-somborn.de\\\/start\\\/?s={search_term_string}\"},\"query-input\":{\"@type\":\"PropertyValueSpecification\",\"valueRequired\":true,\"valueName\":\"search_term_string\"}}],\"inLanguage\":\"de\"},{\"@type\":\"Organization\",\"@id\":\"https:\\\/\\\/www.tgs-somborn.de\\\/start\\\/#organization\",\"name\":\"Turngesellschaft 1888 e. V. Somborn\",\"url\":\"https:\\\/\\\/www.tgs-somborn.de\\\/start\\\/\",\"logo\":{\"@type\":\"ImageObject\",\"inLanguage\":\"de\",\"@id\":\"https:\\\/\\\/www.tgs-somborn.de\\\/start\\\/#\\\/schema\\\/logo\\\/image\\\/\",\"url\":\"https:\\\/\\\/i0.wp.com\\\/www.tgs-somborn.de\\\/start\\\/wp-content\\\/uploads\\\/2018\\\/01\\\/cropped-tgs_wappen-1.gif?fit=198%2C243&ssl=1\",\"contentUrl\":\"https:\\\/\\\/i0.wp.com\\\/www.tgs-somborn.de\\\/start\\\/wp-content\\\/uploads\\\/2018\\\/01\\\/cropped-tgs_wappen-1.gif?fit=198%2C243&ssl=1\",\"width\":198,\"height\":243,\"caption\":\"Turngesellschaft 1888 e. V. Somborn\"},\"image\":{\"@id\":\"https:\\\/\\\/www.tgs-somborn.de\\\/start\\\/#\\\/schema\\\/logo\\\/image\\\/\"},\"sameAs\":[\"http:\\\/\\\/www.facebook.com\\\/TurngesellschaftSomborn\"]},{\"@type\":\"Person\",\"@id\":\"https:\\\/\\\/www.tgs-somborn.de\\\/start\\\/#\\\/schema\\\/person\\\/7b2ba8599458e044b8c5dd1cecba9729\",\"name\":\"Verena Schilling\",\"image\":{\"@type\":\"ImageObject\",\"inLanguage\":\"de\",\"@id\":\"https:\\\/\\\/secure.gravatar.com\\\/avatar\\\/1a8e59161b4e94a82dfd155a09e77b3f88a19e151a72eb8d6df8ce83677e4847?s=96&d=mm&r=g\",\"url\":\"https:\\\/\\\/secure.gravatar.com\\\/avatar\\\/1a8e59161b4e94a82dfd155a09e77b3f88a19e151a72eb8d6df8ce83677e4847?s=96&d=mm&r=g\",\"contentUrl\":\"https:\\\/\\\/secure.gravatar.com\\\/avatar\\\/1a8e59161b4e94a82dfd155a09e77b3f88a19e151a72eb8d6df8ce83677e4847?s=96&d=mm&r=g\",\"caption\":\"Verena Schilling\"}}]}<\/script>\n<!-- \/ Yoast SEO plugin. -->","yoast_head_json":{"title":"Endlich zur\u00fcck: Kinderfasching bei der TGS! | Turngesellschaft 1888 e.V. Somborn","robots":{"index":"index","follow":"follow","max-snippet":"max-snippet:-1","max-image-preview":"max-image-preview:large","max-video-preview":"max-video-preview:-1"},"canonical":"https:\/\/www.tgs-somborn.de\/start\/endlich-zurueck-kinderfasching-bei-der-tgs\/","og_locale":"de_DE","og_type":"article","og_title":"Endlich zur\u00fcck: Kinderfasching bei der TGS! | Turngesellschaft 1888 e.V. Somborn","og_description":"Am Faschingssonntag (15.02.2026) \u00f6ffnen sich um 14.30 Uhr die T\u00fcren der Turnhalle f\u00fcr ein buntes Faschingstreiben. Wir laden Gro\u00df und Klein recht herzlich zum Kinderfasching ein!","og_url":"https:\/\/www.tgs-somborn.de\/start\/endlich-zurueck-kinderfasching-bei-der-tgs\/","og_site_name":"Turngesellschaft 1888 e.V. Somborn","article_publisher":"http:\/\/www.facebook.com\/TurngesellschaftSomborn","article_published_time":"2026-01-17T17:09:21+00:00","article_modified_time":"2026-01-21T16:16:28+00:00","author":"Verena Schilling","twitter_card":"summary_large_image","twitter_misc":{"Verfasst von":"Verena Schilling","Gesch\u00e4tzte Lesezeit":"1\u00a0Minute"},"schema":{"@context":"https:\/\/schema.org","@graph":[{"@type":"Article","@id":"https:\/\/www.tgs-somborn.de\/start\/endlich-zurueck-kinderfasching-bei-der-tgs\/#article","isPartOf":{"@id":"https:\/\/www.tgs-somborn.de\/start\/endlich-zurueck-kinderfasching-bei-der-tgs\/"},"author":{"name":"Verena Schilling","@id":"https:\/\/www.tgs-somborn.de\/start\/#\/schema\/person\/7b2ba8599458e044b8c5dd1cecba9729"},"headline":"Endlich zur\u00fcck: Kinderfasching bei der TGS!","datePublished":"2026-01-17T17:09:21+00:00","dateModified":"2026-01-21T16:16:28+00:00","mainEntityOfPage":{"@id":"https:\/\/www.tgs-somborn.de\/start\/endlich-zurueck-kinderfasching-bei-der-tgs\/"},"wordCount":33,"publisher":{"@id":"https:\/\/www.tgs-somborn.de\/start\/#organization"},"image":{"@id":"https:\/\/www.tgs-somborn.de\/start\/endlich-zurueck-kinderfasching-bei-der-tgs\/#primaryimage"},"thumbnailUrl":"https:\/\/www.tgs-somborn.de\/start\/wp-content\/uploads\/2026\/01\/Kinderfasching-2024-pdf.jpg","keywords":["Fasching","Kinderfasching","Veranstaltung"],"articleSection":{"1":"Veranstaltung"},"inLanguage":"de"},{"@type":"WebPage","@id":"https:\/\/www.tgs-somborn.de\/start\/endlich-zurueck-kinderfasching-bei-der-tgs\/","url":"https:\/\/www.tgs-somborn.de\/start\/endlich-zurueck-kinderfasching-bei-der-tgs\/","name":"Endlich zur\u00fcck: Kinderfasching bei der TGS! | Turngesellschaft 1888 e.V. Somborn","isPartOf":{"@id":"https:\/\/www.tgs-somborn.de\/start\/#website"},"primaryImageOfPage":{"@id":"https:\/\/www.tgs-somborn.de\/start\/endlich-zurueck-kinderfasching-bei-der-tgs\/#primaryimage"},"image":{"@id":"https:\/\/www.tgs-somborn.de\/start\/endlich-zurueck-kinderfasching-bei-der-tgs\/#primaryimage"},"thumbnailUrl":"https:\/\/www.tgs-somborn.de\/start\/wp-content\/uploads\/2026\/01\/Kinderfasching-2024-pdf.jpg","datePublished":"2026-01-17T17:09:21+00:00","dateModified":"2026-01-21T16:16:28+00:00","breadcrumb":{"@id":"https:\/\/www.tgs-somborn.de\/start\/endlich-zurueck-kinderfasching-bei-der-tgs\/#breadcrumb"},"inLanguage":"de","potentialAction":[{"@type":"ReadAction","target":["https:\/\/www.tgs-somborn.de\/start\/endlich-zurueck-kinderfasching-bei-der-tgs\/"]}]},{"@type":"ImageObject","inLanguage":"de","@id":"https:\/\/www.tgs-somborn.de\/start\/endlich-zurueck-kinderfasching-bei-der-tgs\/#primaryimage","url":"https:\/\/www.tgs-somborn.de\/start\/wp-content\/uploads\/2026\/01\/Kinderfasching-2024-pdf.jpg","contentUrl":"https:\/\/www.tgs-somborn.de\/start\/wp-content\/uploads\/2026\/01\/Kinderfasching-2024-pdf.jpg"},{"@type":"BreadcrumbList","@id":"https:\/\/www.tgs-somborn.de\/start\/endlich-zurueck-kinderfasching-bei-der-tgs\/#breadcrumb","itemListElement":[{"@type":"ListItem","position":1,"name":"Startseite","item":"https:\/\/www.tgs-somborn.de\/start\/"},{"@type":"ListItem","position":2,"name":"Endlich zur\u00fcck: Kinderfasching bei der TGS!"}]},{"@type":"WebSite","@id":"https:\/\/www.tgs-somborn.de\/start\/#website","url":"https:\/\/www.tgs-somborn.de\/start\/","name":"Turngesellschaft 1888 e.V. Somborn","description":"Der Verein f\u00fcr die ganze Familie","publisher":{"@id":"https:\/\/www.tgs-somborn.de\/start\/#organization"},"potentialAction":[{"@type":"SearchAction","target":{"@type":"EntryPoint","urlTemplate":"https:\/\/www.tgs-somborn.de\/start\/?s={search_term_string}"},"query-input":{"@type":"PropertyValueSpecification","valueRequired":true,"valueName":"search_term_string"}}],"inLanguage":"de"},{"@type":"Organization","@id":"https:\/\/www.tgs-somborn.de\/start\/#organization","name":"Turngesellschaft 1888 e. V. Somborn","url":"https:\/\/www.tgs-somborn.de\/start\/","logo":{"@type":"ImageObject","inLanguage":"de","@id":"https:\/\/www.tgs-somborn.de\/start\/#\/schema\/logo\/image\/","url":"https:\/\/i0.wp.com\/www.tgs-somborn.de\/start\/wp-content\/uploads\/2018\/01\/cropped-tgs_wappen-1.gif?fit=198%2C243&ssl=1","contentUrl":"https:\/\/i0.wp.com\/www.tgs-somborn.de\/start\/wp-content\/uploads\/2018\/01\/cropped-tgs_wappen-1.gif?fit=198%2C243&ssl=1","width":198,"height":243,"caption":"Turngesellschaft 1888 e. V. Somborn"},"image":{"@id":"https:\/\/www.tgs-somborn.de\/start\/#\/schema\/logo\/image\/"},"sameAs":["http:\/\/www.facebook.com\/TurngesellschaftSomborn"]},{"@type":"Person","@id":"https:\/\/www.tgs-somborn.de\/start\/#\/schema\/person\/7b2ba8599458e044b8c5dd1cecba9729","name":"Verena Schilling","image":{"@type":"ImageObject","inLanguage":"de","@id":"https:\/\/secure.gravatar.com\/avatar\/1a8e59161b4e94a82dfd155a09e77b3f88a19e151a72eb8d6df8ce83677e4847?s=96&d=mm&r=g","url":"https:\/\/secure.gravatar.com\/avatar\/1a8e59161b4e94a82dfd155a09e77b3f88a19e151a72eb8d6df8ce83677e4847?s=96&d=mm&r=g","contentUrl":"https:\/\/secure.gravatar.com\/avatar\/1a8e59161b4e94a82dfd155a09e77b3f88a19e151a72eb8d6df8ce83677e4847?s=96&d=mm&r=g","caption":"Verena Schilling"}}]}},"jetpack_featured_media_url":"https:\/\/www.tgs-somborn.de\/start\/wp-content\/uploads\/2026\/01\/Kinderfasching-2024-pdf.jpg","jetpack_shortlink":"https:\/\/wp.me\/p9Nob7-kd","jetpack-related-posts":[{"id":353,"url":"https:\/\/www.tgs-somborn.de\/start\/kinderfasching_2023\/","url_meta":{"origin":1253,"position":0},"title":"Kinderfasching 2023","author":"Verena Schilling","date":"26. Januar 2023","format":false,"excerpt":"Endlich ist es wieder soweit! Die TGS feiert Kinderfasching mit Gro\u00df und Klein in der geschm\u00fcckten Turnhalle. Wir freuen uns auf alle Piraten, Hexen, Clowns und was euch sonst noch an Kost\u00fcmen einf\u00e4llt - egal ob Mitglied im Verein oder nicht. Wann:\u00a0 \u00a0 \u00a0 Sonntag, den 19.02.2023 Wo:\u00a0 \u00a0 \u00a0\u2026","rel":"","context":"In &quot;Veranstaltung&quot;","block_context":{"text":"Veranstaltung","link":"https:\/\/www.tgs-somborn.de\/start\/category\/veranstaltung\/"},"img":{"alt_text":"Kinderfasching Banner","src":"https:\/\/i0.wp.com\/www.tgs-somborn.de\/start\/wp-content\/uploads\/2019\/02\/Kinderfasching_Banner_HP.png?fit=1200%2C437&ssl=1&resize=350%2C200","width":350,"height":200,"srcset":"https:\/\/i0.wp.com\/www.tgs-somborn.de\/start\/wp-content\/uploads\/2019\/02\/Kinderfasching_Banner_HP.png?fit=1200%2C437&ssl=1&resize=350%2C200 1x, https:\/\/i0.wp.com\/www.tgs-somborn.de\/start\/wp-content\/uploads\/2019\/02\/Kinderfasching_Banner_HP.png?fit=1200%2C437&ssl=1&resize=525%2C300 1.5x, https:\/\/i0.wp.com\/www.tgs-somborn.de\/start\/wp-content\/uploads\/2019\/02\/Kinderfasching_Banner_HP.png?fit=1200%2C437&ssl=1&resize=700%2C400 2x, https:\/\/i0.wp.com\/www.tgs-somborn.de\/start\/wp-content\/uploads\/2019\/02\/Kinderfasching_Banner_HP.png?fit=1200%2C437&ssl=1&resize=1050%2C600 3x"},"classes":[]},{"id":1161,"url":"https:\/\/www.tgs-somborn.de\/start\/kein-kinderfasching-2025\/","url_meta":{"origin":1253,"position":1},"title":"Kein Kinderfasching 2025","author":"Verena Schilling","date":"20. Februar 2025","format":false,"excerpt":"","rel":"","context":"In &quot;Allgemein&quot;","block_context":{"text":"Allgemein","link":"https:\/\/www.tgs-somborn.de\/start\/category\/allgemein\/"},"img":{"alt_text":"","src":"","width":0,"height":0},"classes":[]},{"id":360,"url":"https:\/\/www.tgs-somborn.de\/start\/jahreshauptversammlung-2019\/","url_meta":{"origin":1253,"position":2},"title":"Jahreshauptversammlung 2019","author":"J\u00f6rg Zipf","date":"18. M\u00e4rz 2019","format":false,"excerpt":"Einladung zur Jahreshauptversammlung Zur Mitgliederversammlung 2019 laden wir Sie\/Euch recht herzlich am Freitag, den 22.03. um 20 Uhr in das Vereinsheim, Turnhalle, Josefstra\u00dfe, ein. Tagesordnung: 1.) Er\u00f6ffnung und Begr\u00fc\u00dfung 2.) Feststellung der ordnungsgem\u00e4\u00dfen Einberufung, der Zahl der anwesenden\u00a0stimmberechtigten Mitglieder und der Beschlussf\u00e4higkeit der MV 3.) Jahresbericht des Vorstandes - Vorsitzender\u2026","rel":"","context":"In &quot;Allgemein&quot;","block_context":{"text":"Allgemein","link":"https:\/\/www.tgs-somborn.de\/start\/category\/allgemein\/"},"img":{"alt_text":"","src":"","width":0,"height":0},"classes":[]},{"id":427,"url":"https:\/\/www.tgs-somborn.de\/start\/mitgliederversammlung-2020\/","url_meta":{"origin":1253,"position":3},"title":"Mitgliederversammlung 2020","author":"J\u00f6rg Zipf","date":"12. Februar 2020","format":false,"excerpt":"Einladung zur Jahreshauptversammlung Sehr geehrte Vereinsmitglieder, zur Mitgliederversammlung 2020 laden wir Sie\/ Euch recht herzlich am Freitag, 20. M\u00e4rz umd 20 Uhr in das Vereinsheim, Turnhalle, Josefstra\u00dfe, ein. Tagesordnung: 1.) Er\u00f6ffnung und Begr\u00fc\u00dfung 2.) Feststellung der ordnungsgem\u00e4\u00dfen Einberufung, der Zahl der anwesenden stimmberechtigten Mitglieder und der Beschlussf\u00e4higkeit der MV 3.)\u2026","rel":"","context":"In &quot;Allgemein&quot;","block_context":{"text":"Allgemein","link":"https:\/\/www.tgs-somborn.de\/start\/category\/allgemein\/"},"img":{"alt_text":"","src":"","width":0,"height":0},"classes":[]},{"id":475,"url":"https:\/\/www.tgs-somborn.de\/start\/mitgliederversammlung-2020-zweiter-versuch\/","url_meta":{"origin":1253,"position":4},"title":"Mitgliederversammlung 2020 &#8211; zweiter Versuch","author":"J\u00f6rg Zipf","date":"2. August 2020","format":false,"excerpt":"Einladung zur\u00a0Mitgliederversammlung Sehr geehrte Vereinsmitglieder, bedingt durch die Corona-Pandemi konnte die Mitgliederversammlung 2020 nicht wie geplant im M\u00e4rz stattfinden. Deshalb laden wir Sie\/ Euch erneut recht herzlich am Samstag, 22. August um 18 Uhr in die Turnhalle-Josefstra\u00dfe, ein. Den Ablauf passen wir den g\u00fcltigen Vorschriften an. Nicht alle Berichte werden\u2026","rel":"","context":"In &quot;Allgemein&quot;","block_context":{"text":"Allgemein","link":"https:\/\/www.tgs-somborn.de\/start\/category\/allgemein\/"},"img":{"alt_text":"","src":"","width":0,"height":0},"classes":[]},{"id":889,"url":"https:\/\/www.tgs-somborn.de\/start\/889-2\/","url_meta":{"origin":1253,"position":5},"title":"Karfreitagsessen 2023","author":"Verena Schilling","date":"16. M\u00e4rz 2023","format":false,"excerpt":"Karfreitagsessen bei der TGS mit Handk\u00e4s und Kl\u00f6\u00df","rel":"","context":"In &quot;Allgemein&quot;","block_context":{"text":"Allgemein","link":"https:\/\/www.tgs-somborn.de\/start\/category\/allgemein\/"},"img":{"alt_text":"","src":"","width":0,"height":0},"classes":[]}],"jetpack_sharing_enabled":true,"_links":{"self":[{"href":"https:\/\/www.tgs-somborn.de\/start\/wp-json\/wp\/v2\/posts\/1253","targetHints":{"allow":["GET"]}}],"collection":[{"href":"https:\/\/www.tgs-somborn.de\/start\/wp-json\/wp\/v2\/posts"}],"about":[{"href":"https:\/\/www.tgs-somborn.de\/start\/wp-json\/wp\/v2\/types\/post"}],"author":[{"embeddable":true,"href":"https:\/\/www.tgs-somborn.de\/start\/wp-json\/wp\/v2\/users\/3"}],"replies":[{"embeddable":true,"href":"https:\/\/www.tgs-somborn.de\/start\/wp-json\/wp\/v2\/comments?post=1253"}],"version-history":[{"count":1,"href":"https:\/\/www.tgs-somborn.de\/start\/wp-json\/wp\/v2\/posts\/1253\/revisions"}],"predecessor-version":[{"id":1254,"href":"https:\/\/www.tgs-somborn.de\/start\/wp-json\/wp\/v2\/posts\/1253\/revisions\/1254"}],"wp:featuredmedia":[{"embeddable":true,"href":"https:\/\/www.tgs-somborn.de\/start\/wp-json\/wp\/v2\/media\/1259"}],"wp:attachment":[{"href":"https:\/\/www.tgs-somborn.de\/start\/wp-json\/wp\/v2\/media?parent=1253"}],"wp:term":[{"taxonomy":"category","embeddable":true,"href":"https:\/\/www.tgs-somborn.de\/start\/wp-json\/wp\/v2\/categories?post=1253"},{"taxonomy":"post_tag","embeddable":true,"href":"https:\/\/www.tgs-somborn.de\/start\/wp-json\/wp\/v2\/tags?post=1253"}],"curies":[{"name":"wp","href":"https:\/\/api.w.org\/{rel}","templated":true}]}}