{"id":1214,"date":"2025-10-21T17:03:10","date_gmt":"2025-10-21T15:03:10","guid":{"rendered":"https:\/\/www.tgs-somborn.de\/start\/?p=1214"},"modified":"2025-10-21T17:03:13","modified_gmt":"2025-10-21T15:03:13","slug":"neue-oeffnungszeit-der-geschaeftsstelle-ab-oktober-2025","status":"publish","type":"post","link":"https:\/\/www.tgs-somborn.de\/start\/neue-oeffnungszeit-der-geschaeftsstelle-ab-oktober-2025\/","title":{"rendered":"Neue \u00d6ffnungszeit der Gesch\u00e4ftsstelle ab Oktober 2025"},"content":{"rendered":"","protected":false},"excerpt":{"rendered":"","protected":false},"author":3,"featured_media":1215,"comment_status":"closed","ping_status":"open","sticky":false,"template":"","format":"image","meta":{"_jetpack_memberships_contains_paid_content":false,"footnotes":""},"categories":[1],"tags":[],"class_list":["post-1214","post","type-post","status-publish","format-image","has-post-thumbnail","hentry","category-allgemein","post_format-post-format-image"],"yoast_head":"<!-- This site is optimized with the Yoast SEO plugin v27.5 - https:\/\/yoast.com\/product\/yoast-seo-wordpress\/ -->\n<title>Neue \u00d6ffnungszeit der Gesch\u00e4ftsstelle ab Oktober 2025 | Turngesellschaft 1888 e.V. Somborn<\/title>\n<meta name=\"robots\" content=\"index, follow, max-snippet:-1, max-image-preview:large, max-video-preview:-1\" \/>\n<link rel=\"canonical\" href=\"https:\/\/www.tgs-somborn.de\/start\/neue-oeffnungszeit-der-geschaeftsstelle-ab-oktober-2025\/\" \/>\n<meta property=\"og:locale\" content=\"de_DE\" \/>\n<meta property=\"og:type\" content=\"article\" \/>\n<meta property=\"og:title\" content=\"Neue \u00d6ffnungszeit der Gesch\u00e4ftsstelle ab Oktober 2025 | Turngesellschaft 1888 e.V. Somborn\" \/>\n<meta property=\"og:url\" content=\"https:\/\/www.tgs-somborn.de\/start\/neue-oeffnungszeit-der-geschaeftsstelle-ab-oktober-2025\/\" \/>\n<meta property=\"og:site_name\" content=\"Turngesellschaft 1888 e.V. Somborn\" \/>\n<meta property=\"article:publisher\" content=\"http:\/\/www.facebook.com\/TurngesellschaftSomborn\" \/>\n<meta property=\"article:published_time\" content=\"2025-10-21T15:03:10+00:00\" \/>\n<meta property=\"article:modified_time\" content=\"2025-10-21T15:03:13+00:00\" \/>\n<meta name=\"author\" content=\"Verena Schilling\" \/>\n<meta name=\"twitter:card\" content=\"summary_large_image\" \/>\n<meta name=\"twitter:label1\" content=\"Verfasst von\" \/>\n\t<meta name=\"twitter:data1\" content=\"Verena Schilling\" \/>\n\t<meta name=\"twitter:label2\" content=\"Gesch\u00e4tzte Lesezeit\" \/>\n\t<meta name=\"twitter:data2\" content=\"1\u00a0Minute\" \/>\n<script type=\"application\/ld+json\" class=\"yoast-schema-graph\">{\"@context\":\"https:\\\/\\\/schema.org\",\"@graph\":[{\"@type\":\"Article\",\"@id\":\"https:\\\/\\\/www.tgs-somborn.de\\\/start\\\/neue-oeffnungszeit-der-geschaeftsstelle-ab-oktober-2025\\\/#article\",\"isPartOf\":{\"@id\":\"https:\\\/\\\/www.tgs-somborn.de\\\/start\\\/neue-oeffnungszeit-der-geschaeftsstelle-ab-oktober-2025\\\/\"},\"author\":{\"name\":\"Verena Schilling\",\"@id\":\"https:\\\/\\\/www.tgs-somborn.de\\\/start\\\/#\\\/schema\\\/person\\\/7b2ba8599458e044b8c5dd1cecba9729\"},\"headline\":\"Neue \u00d6ffnungszeit der Gesch\u00e4ftsstelle ab Oktober 2025\",\"datePublished\":\"2025-10-21T15:03:10+00:00\",\"dateModified\":\"2025-10-21T15:03:13+00:00\",\"mainEntityOfPage\":{\"@id\":\"https:\\\/\\\/www.tgs-somborn.de\\\/start\\\/neue-oeffnungszeit-der-geschaeftsstelle-ab-oktober-2025\\\/\"},\"wordCount\":7,\"publisher\":{\"@id\":\"https:\\\/\\\/www.tgs-somborn.de\\\/start\\\/#organization\"},\"image\":{\"@id\":\"https:\\\/\\\/www.tgs-somborn.de\\\/start\\\/neue-oeffnungszeit-der-geschaeftsstelle-ab-oktober-2025\\\/#primaryimage\"},\"thumbnailUrl\":\"https:\\\/\\\/www.tgs-somborn.de\\\/start\\\/wp-content\\\/uploads\\\/2025\\\/10\\\/Oeffnungszeiten-GS-ab-Okt-2025-1-pdf.jpg\",\"inLanguage\":\"de\"},{\"@type\":\"WebPage\",\"@id\":\"https:\\\/\\\/www.tgs-somborn.de\\\/start\\\/neue-oeffnungszeit-der-geschaeftsstelle-ab-oktober-2025\\\/\",\"url\":\"https:\\\/\\\/www.tgs-somborn.de\\\/start\\\/neue-oeffnungszeit-der-geschaeftsstelle-ab-oktober-2025\\\/\",\"name\":\"Neue \u00d6ffnungszeit der Gesch\u00e4ftsstelle ab Oktober 2025 | Turngesellschaft 1888 e.V. Somborn\",\"isPartOf\":{\"@id\":\"https:\\\/\\\/www.tgs-somborn.de\\\/start\\\/#website\"},\"primaryImageOfPage\":{\"@id\":\"https:\\\/\\\/www.tgs-somborn.de\\\/start\\\/neue-oeffnungszeit-der-geschaeftsstelle-ab-oktober-2025\\\/#primaryimage\"},\"image\":{\"@id\":\"https:\\\/\\\/www.tgs-somborn.de\\\/start\\\/neue-oeffnungszeit-der-geschaeftsstelle-ab-oktober-2025\\\/#primaryimage\"},\"thumbnailUrl\":\"https:\\\/\\\/www.tgs-somborn.de\\\/start\\\/wp-content\\\/uploads\\\/2025\\\/10\\\/Oeffnungszeiten-GS-ab-Okt-2025-1-pdf.jpg\",\"datePublished\":\"2025-10-21T15:03:10+00:00\",\"dateModified\":\"2025-10-21T15:03:13+00:00\",\"breadcrumb\":{\"@id\":\"https:\\\/\\\/www.tgs-somborn.de\\\/start\\\/neue-oeffnungszeit-der-geschaeftsstelle-ab-oktober-2025\\\/#breadcrumb\"},\"inLanguage\":\"de\",\"potentialAction\":[{\"@type\":\"ReadAction\",\"target\":[\"https:\\\/\\\/www.tgs-somborn.de\\\/start\\\/neue-oeffnungszeit-der-geschaeftsstelle-ab-oktober-2025\\\/\"]}]},{\"@type\":\"ImageObject\",\"inLanguage\":\"de\",\"@id\":\"https:\\\/\\\/www.tgs-somborn.de\\\/start\\\/neue-oeffnungszeit-der-geschaeftsstelle-ab-oktober-2025\\\/#primaryimage\",\"url\":\"https:\\\/\\\/www.tgs-somborn.de\\\/start\\\/wp-content\\\/uploads\\\/2025\\\/10\\\/Oeffnungszeiten-GS-ab-Okt-2025-1-pdf.jpg\",\"contentUrl\":\"https:\\\/\\\/www.tgs-somborn.de\\\/start\\\/wp-content\\\/uploads\\\/2025\\\/10\\\/Oeffnungszeiten-GS-ab-Okt-2025-1-pdf.jpg\"},{\"@type\":\"BreadcrumbList\",\"@id\":\"https:\\\/\\\/www.tgs-somborn.de\\\/start\\\/neue-oeffnungszeit-der-geschaeftsstelle-ab-oktober-2025\\\/#breadcrumb\",\"itemListElement\":[{\"@type\":\"ListItem\",\"position\":1,\"name\":\"Startseite\",\"item\":\"https:\\\/\\\/www.tgs-somborn.de\\\/start\\\/\"},{\"@type\":\"ListItem\",\"position\":2,\"name\":\"Neue \u00d6ffnungszeit der Gesch\u00e4ftsstelle ab Oktober 2025\"}]},{\"@type\":\"WebSite\",\"@id\":\"https:\\\/\\\/www.tgs-somborn.de\\\/start\\\/#website\",\"url\":\"https:\\\/\\\/www.tgs-somborn.de\\\/start\\\/\",\"name\":\"Turngesellschaft 1888 e.V. Somborn\",\"description\":\"Der Verein f\u00fcr die ganze Familie\",\"publisher\":{\"@id\":\"https:\\\/\\\/www.tgs-somborn.de\\\/start\\\/#organization\"},\"potentialAction\":[{\"@type\":\"SearchAction\",\"target\":{\"@type\":\"EntryPoint\",\"urlTemplate\":\"https:\\\/\\\/www.tgs-somborn.de\\\/start\\\/?s={search_term_string}\"},\"query-input\":{\"@type\":\"PropertyValueSpecification\",\"valueRequired\":true,\"valueName\":\"search_term_string\"}}],\"inLanguage\":\"de\"},{\"@type\":\"Organization\",\"@id\":\"https:\\\/\\\/www.tgs-somborn.de\\\/start\\\/#organization\",\"name\":\"Turngesellschaft 1888 e. V. Somborn\",\"url\":\"https:\\\/\\\/www.tgs-somborn.de\\\/start\\\/\",\"logo\":{\"@type\":\"ImageObject\",\"inLanguage\":\"de\",\"@id\":\"https:\\\/\\\/www.tgs-somborn.de\\\/start\\\/#\\\/schema\\\/logo\\\/image\\\/\",\"url\":\"https:\\\/\\\/i0.wp.com\\\/www.tgs-somborn.de\\\/start\\\/wp-content\\\/uploads\\\/2018\\\/01\\\/cropped-tgs_wappen-1.gif?fit=198%2C243&ssl=1\",\"contentUrl\":\"https:\\\/\\\/i0.wp.com\\\/www.tgs-somborn.de\\\/start\\\/wp-content\\\/uploads\\\/2018\\\/01\\\/cropped-tgs_wappen-1.gif?fit=198%2C243&ssl=1\",\"width\":198,\"height\":243,\"caption\":\"Turngesellschaft 1888 e. V. Somborn\"},\"image\":{\"@id\":\"https:\\\/\\\/www.tgs-somborn.de\\\/start\\\/#\\\/schema\\\/logo\\\/image\\\/\"},\"sameAs\":[\"http:\\\/\\\/www.facebook.com\\\/TurngesellschaftSomborn\"]},{\"@type\":\"Person\",\"@id\":\"https:\\\/\\\/www.tgs-somborn.de\\\/start\\\/#\\\/schema\\\/person\\\/7b2ba8599458e044b8c5dd1cecba9729\",\"name\":\"Verena Schilling\",\"image\":{\"@type\":\"ImageObject\",\"inLanguage\":\"de\",\"@id\":\"https:\\\/\\\/secure.gravatar.com\\\/avatar\\\/1a8e59161b4e94a82dfd155a09e77b3f88a19e151a72eb8d6df8ce83677e4847?s=96&d=mm&r=g\",\"url\":\"https:\\\/\\\/secure.gravatar.com\\\/avatar\\\/1a8e59161b4e94a82dfd155a09e77b3f88a19e151a72eb8d6df8ce83677e4847?s=96&d=mm&r=g\",\"contentUrl\":\"https:\\\/\\\/secure.gravatar.com\\\/avatar\\\/1a8e59161b4e94a82dfd155a09e77b3f88a19e151a72eb8d6df8ce83677e4847?s=96&d=mm&r=g\",\"caption\":\"Verena Schilling\"}}]}<\/script>\n<!-- \/ Yoast SEO plugin. -->","yoast_head_json":{"title":"Neue \u00d6ffnungszeit der Gesch\u00e4ftsstelle ab Oktober 2025 | Turngesellschaft 1888 e.V. Somborn","robots":{"index":"index","follow":"follow","max-snippet":"max-snippet:-1","max-image-preview":"max-image-preview:large","max-video-preview":"max-video-preview:-1"},"canonical":"https:\/\/www.tgs-somborn.de\/start\/neue-oeffnungszeit-der-geschaeftsstelle-ab-oktober-2025\/","og_locale":"de_DE","og_type":"article","og_title":"Neue \u00d6ffnungszeit der Gesch\u00e4ftsstelle ab Oktober 2025 | Turngesellschaft 1888 e.V. Somborn","og_url":"https:\/\/www.tgs-somborn.de\/start\/neue-oeffnungszeit-der-geschaeftsstelle-ab-oktober-2025\/","og_site_name":"Turngesellschaft 1888 e.V. Somborn","article_publisher":"http:\/\/www.facebook.com\/TurngesellschaftSomborn","article_published_time":"2025-10-21T15:03:10+00:00","article_modified_time":"2025-10-21T15:03:13+00:00","author":"Verena Schilling","twitter_card":"summary_large_image","twitter_misc":{"Verfasst von":"Verena Schilling","Gesch\u00e4tzte Lesezeit":"1\u00a0Minute"},"schema":{"@context":"https:\/\/schema.org","@graph":[{"@type":"Article","@id":"https:\/\/www.tgs-somborn.de\/start\/neue-oeffnungszeit-der-geschaeftsstelle-ab-oktober-2025\/#article","isPartOf":{"@id":"https:\/\/www.tgs-somborn.de\/start\/neue-oeffnungszeit-der-geschaeftsstelle-ab-oktober-2025\/"},"author":{"name":"Verena Schilling","@id":"https:\/\/www.tgs-somborn.de\/start\/#\/schema\/person\/7b2ba8599458e044b8c5dd1cecba9729"},"headline":"Neue \u00d6ffnungszeit der Gesch\u00e4ftsstelle ab Oktober 2025","datePublished":"2025-10-21T15:03:10+00:00","dateModified":"2025-10-21T15:03:13+00:00","mainEntityOfPage":{"@id":"https:\/\/www.tgs-somborn.de\/start\/neue-oeffnungszeit-der-geschaeftsstelle-ab-oktober-2025\/"},"wordCount":7,"publisher":{"@id":"https:\/\/www.tgs-somborn.de\/start\/#organization"},"image":{"@id":"https:\/\/www.tgs-somborn.de\/start\/neue-oeffnungszeit-der-geschaeftsstelle-ab-oktober-2025\/#primaryimage"},"thumbnailUrl":"https:\/\/www.tgs-somborn.de\/start\/wp-content\/uploads\/2025\/10\/Oeffnungszeiten-GS-ab-Okt-2025-1-pdf.jpg","inLanguage":"de"},{"@type":"WebPage","@id":"https:\/\/www.tgs-somborn.de\/start\/neue-oeffnungszeit-der-geschaeftsstelle-ab-oktober-2025\/","url":"https:\/\/www.tgs-somborn.de\/start\/neue-oeffnungszeit-der-geschaeftsstelle-ab-oktober-2025\/","name":"Neue \u00d6ffnungszeit der Gesch\u00e4ftsstelle ab Oktober 2025 | Turngesellschaft 1888 e.V. Somborn","isPartOf":{"@id":"https:\/\/www.tgs-somborn.de\/start\/#website"},"primaryImageOfPage":{"@id":"https:\/\/www.tgs-somborn.de\/start\/neue-oeffnungszeit-der-geschaeftsstelle-ab-oktober-2025\/#primaryimage"},"image":{"@id":"https:\/\/www.tgs-somborn.de\/start\/neue-oeffnungszeit-der-geschaeftsstelle-ab-oktober-2025\/#primaryimage"},"thumbnailUrl":"https:\/\/www.tgs-somborn.de\/start\/wp-content\/uploads\/2025\/10\/Oeffnungszeiten-GS-ab-Okt-2025-1-pdf.jpg","datePublished":"2025-10-21T15:03:10+00:00","dateModified":"2025-10-21T15:03:13+00:00","breadcrumb":{"@id":"https:\/\/www.tgs-somborn.de\/start\/neue-oeffnungszeit-der-geschaeftsstelle-ab-oktober-2025\/#breadcrumb"},"inLanguage":"de","potentialAction":[{"@type":"ReadAction","target":["https:\/\/www.tgs-somborn.de\/start\/neue-oeffnungszeit-der-geschaeftsstelle-ab-oktober-2025\/"]}]},{"@type":"ImageObject","inLanguage":"de","@id":"https:\/\/www.tgs-somborn.de\/start\/neue-oeffnungszeit-der-geschaeftsstelle-ab-oktober-2025\/#primaryimage","url":"https:\/\/www.tgs-somborn.de\/start\/wp-content\/uploads\/2025\/10\/Oeffnungszeiten-GS-ab-Okt-2025-1-pdf.jpg","contentUrl":"https:\/\/www.tgs-somborn.de\/start\/wp-content\/uploads\/2025\/10\/Oeffnungszeiten-GS-ab-Okt-2025-1-pdf.jpg"},{"@type":"BreadcrumbList","@id":"https:\/\/www.tgs-somborn.de\/start\/neue-oeffnungszeit-der-geschaeftsstelle-ab-oktober-2025\/#breadcrumb","itemListElement":[{"@type":"ListItem","position":1,"name":"Startseite","item":"https:\/\/www.tgs-somborn.de\/start\/"},{"@type":"ListItem","position":2,"name":"Neue \u00d6ffnungszeit der Gesch\u00e4ftsstelle ab Oktober 2025"}]},{"@type":"WebSite","@id":"https:\/\/www.tgs-somborn.de\/start\/#website","url":"https:\/\/www.tgs-somborn.de\/start\/","name":"Turngesellschaft 1888 e.V. Somborn","description":"Der Verein f\u00fcr die ganze Familie","publisher":{"@id":"https:\/\/www.tgs-somborn.de\/start\/#organization"},"potentialAction":[{"@type":"SearchAction","target":{"@type":"EntryPoint","urlTemplate":"https:\/\/www.tgs-somborn.de\/start\/?s={search_term_string}"},"query-input":{"@type":"PropertyValueSpecification","valueRequired":true,"valueName":"search_term_string"}}],"inLanguage":"de"},{"@type":"Organization","@id":"https:\/\/www.tgs-somborn.de\/start\/#organization","name":"Turngesellschaft 1888 e. V. Somborn","url":"https:\/\/www.tgs-somborn.de\/start\/","logo":{"@type":"ImageObject","inLanguage":"de","@id":"https:\/\/www.tgs-somborn.de\/start\/#\/schema\/logo\/image\/","url":"https:\/\/i0.wp.com\/www.tgs-somborn.de\/start\/wp-content\/uploads\/2018\/01\/cropped-tgs_wappen-1.gif?fit=198%2C243&ssl=1","contentUrl":"https:\/\/i0.wp.com\/www.tgs-somborn.de\/start\/wp-content\/uploads\/2018\/01\/cropped-tgs_wappen-1.gif?fit=198%2C243&ssl=1","width":198,"height":243,"caption":"Turngesellschaft 1888 e. V. Somborn"},"image":{"@id":"https:\/\/www.tgs-somborn.de\/start\/#\/schema\/logo\/image\/"},"sameAs":["http:\/\/www.facebook.com\/TurngesellschaftSomborn"]},{"@type":"Person","@id":"https:\/\/www.tgs-somborn.de\/start\/#\/schema\/person\/7b2ba8599458e044b8c5dd1cecba9729","name":"Verena Schilling","image":{"@type":"ImageObject","inLanguage":"de","@id":"https:\/\/secure.gravatar.com\/avatar\/1a8e59161b4e94a82dfd155a09e77b3f88a19e151a72eb8d6df8ce83677e4847?s=96&d=mm&r=g","url":"https:\/\/secure.gravatar.com\/avatar\/1a8e59161b4e94a82dfd155a09e77b3f88a19e151a72eb8d6df8ce83677e4847?s=96&d=mm&r=g","contentUrl":"https:\/\/secure.gravatar.com\/avatar\/1a8e59161b4e94a82dfd155a09e77b3f88a19e151a72eb8d6df8ce83677e4847?s=96&d=mm&r=g","caption":"Verena Schilling"}}]}},"jetpack_featured_media_url":"https:\/\/www.tgs-somborn.de\/start\/wp-content\/uploads\/2025\/10\/Oeffnungszeiten-GS-ab-Okt-2025-1-pdf.jpg","jetpack_shortlink":"https:\/\/wp.me\/p9Nob7-jA","jetpack-related-posts":[{"id":375,"url":"https:\/\/www.tgs-somborn.de\/start\/arbeitseinsatz-am-15-juni\/","url_meta":{"origin":1214,"position":0},"title":"Arbeitseinsatz am 15. Juni","author":"J\u00f6rg Zipf","date":"29. Mai 2019","format":false,"excerpt":"Unter dem Motto \"viele H\u00e4nde, schnelles Ende\" bitten wir alle am Samstag, den 15. Juni ab 10 Uhr um Mithilfe. Es sind in der Turnhalle einige Arbeiten dringend zu erledigen. Folgendes steht u. a. auf der ToDo-Liste: neue Pokalschrankverkleidung neue Barschilder zus\u00e4tzliche Plakataufsteller B\u00fchnengel\u00e4nder Rindenmulch verteilen Duschr\u00e4ume reinigen incl. Decke\u2026","rel":"","context":"In &quot;Allgemein&quot;","block_context":{"text":"Allgemein","link":"https:\/\/www.tgs-somborn.de\/start\/category\/allgemein\/"},"img":{"alt_text":"","src":"","width":0,"height":0},"classes":[]},{"id":388,"url":"https:\/\/www.tgs-somborn.de\/start\/skigymnastik-kursangebot-2019\/","url_meta":{"origin":1214,"position":1},"title":"Skigymnastik Kursangebot 2019","author":"J\u00f6rg Zipf","date":"19. September 2019","format":false,"excerpt":"Skigymnastik Um das volle Fahrvergn\u00fcgen auf der Skipiste genie\u00dfen zu k\u00f6nnen und Verletzungen zu vermeiden, sollte man seine Muskeln mit Skigymnastik schon im Voraus gut trainieren. Kommen Sie in die Turnhalle und machen Sie sich fit f\u00fcr den kommenden Winterurlaub! Beginn: \u00a0\u00a0\u00a0\u00a0\u00a0\u00a0\u00a0 Freitag, 18. Oktober 2019 Uhrzeit: \u00a0\u00a0\u00a0\u00a0\u00a0\u00a0 19.30 \u2013\u2026","rel":"","context":"In &quot;Allgemein&quot;","block_context":{"text":"Allgemein","link":"https:\/\/www.tgs-somborn.de\/start\/category\/allgemein\/"},"img":{"alt_text":"Skifahrer auf der Piste","src":"https:\/\/i0.wp.com\/www.tgs-somborn.de\/start\/wp-content\/uploads\/2019\/09\/skigymnastik_web.jpg?fit=800%2C533&ssl=1&resize=350%2C200","width":350,"height":200,"srcset":"https:\/\/i0.wp.com\/www.tgs-somborn.de\/start\/wp-content\/uploads\/2019\/09\/skigymnastik_web.jpg?fit=800%2C533&ssl=1&resize=350%2C200 1x, https:\/\/i0.wp.com\/www.tgs-somborn.de\/start\/wp-content\/uploads\/2019\/09\/skigymnastik_web.jpg?fit=800%2C533&ssl=1&resize=525%2C300 1.5x, https:\/\/i0.wp.com\/www.tgs-somborn.de\/start\/wp-content\/uploads\/2019\/09\/skigymnastik_web.jpg?fit=800%2C533&ssl=1&resize=700%2C400 2x"},"classes":[]},{"id":350,"url":"https:\/\/www.tgs-somborn.de\/start\/turnermaskenball-2019\/","url_meta":{"origin":1214,"position":2},"title":"Turnermaskenball 2019","author":"J\u00f6rg Zipf","date":"4. Februar 2019","format":false,"excerpt":"Auf unserem Maskenball am kommenden Faschingssamstag begr\u00fc\u00dfen wir alle Fr\u00fcchtchen ;-) Das Motto lautet: Freche Fr\u00fcchtchen \u00a0 Wie im letzten Jahr wird unsere neue Band f\u00fcr gute Stimmung und Unterhaltung sorgen. Wann: 02.03. Wo: Somborn, TGS Turnhalle, Josefstra\u00dfe 15 Eintritt: 10,- Euro Vorverkauf: ab 19:30 Uhr am 02.03 vor der\u2026","rel":"","context":"In &quot;Veranstaltung&quot;","block_context":{"text":"Veranstaltung","link":"https:\/\/www.tgs-somborn.de\/start\/category\/veranstaltung\/"},"img":{"alt_text":"Turnermaskenball 2019 Titel","src":"https:\/\/i0.wp.com\/www.tgs-somborn.de\/start\/wp-content\/uploads\/2019\/02\/maskenball2019_titel.jpg?fit=800%2C212&ssl=1&resize=350%2C200","width":350,"height":200,"srcset":"https:\/\/i0.wp.com\/www.tgs-somborn.de\/start\/wp-content\/uploads\/2019\/02\/maskenball2019_titel.jpg?fit=800%2C212&ssl=1&resize=350%2C200 1x, https:\/\/i0.wp.com\/www.tgs-somborn.de\/start\/wp-content\/uploads\/2019\/02\/maskenball2019_titel.jpg?fit=800%2C212&ssl=1&resize=525%2C300 1.5x, https:\/\/i0.wp.com\/www.tgs-somborn.de\/start\/wp-content\/uploads\/2019\/02\/maskenball2019_titel.jpg?fit=800%2C212&ssl=1&resize=700%2C400 2x"},"classes":[]},{"id":468,"url":"https:\/\/www.tgs-somborn.de\/start\/tgs-sagt-rewe-danke\/","url_meta":{"origin":1214,"position":3},"title":"TGS sagt REWE &#8222;Danke&#8220;","author":"J\u00f6rg Zipf","date":"2. August 2020","format":false,"excerpt":"Mit Hilfe der bundesweiten REWE \u2013 Aktion \u201eScheine f\u00fcr Vereine: Mach deinen Sportverein gl\u00fccklich\u201c l\u00f6ste die Turngesellschaft (TGS) Somborn im Januar 2020 diverse Sportger\u00e4te als Pr\u00e4mien ein. So konnten beispielsweise Softb\u00e4lle und Balance- und Koordinationsger\u00e4te f\u00fcr die Gymnastikgruppen sowie Speed-Ropes und drei Air Floors f\u00fcr die Turngruppen kostenlos angeschafft werden.\u2026","rel":"","context":"In &quot;Allgemein&quot;","block_context":{"text":"Allgemein","link":"https:\/\/www.tgs-somborn.de\/start\/category\/allgemein\/"},"img":{"alt_text":"TGS sagt REWE danke","src":"https:\/\/i0.wp.com\/www.tgs-somborn.de\/start\/wp-content\/uploads\/2020\/08\/IMG-20200704-WA0001.jpg?fit=1024%2C768&ssl=1&resize=350%2C200","width":350,"height":200,"srcset":"https:\/\/i0.wp.com\/www.tgs-somborn.de\/start\/wp-content\/uploads\/2020\/08\/IMG-20200704-WA0001.jpg?fit=1024%2C768&ssl=1&resize=350%2C200 1x, https:\/\/i0.wp.com\/www.tgs-somborn.de\/start\/wp-content\/uploads\/2020\/08\/IMG-20200704-WA0001.jpg?fit=1024%2C768&ssl=1&resize=525%2C300 1.5x, https:\/\/i0.wp.com\/www.tgs-somborn.de\/start\/wp-content\/uploads\/2020\/08\/IMG-20200704-WA0001.jpg?fit=1024%2C768&ssl=1&resize=700%2C400 2x"},"classes":[]},{"id":641,"url":"https:\/\/www.tgs-somborn.de\/start\/eltern-kind-turnen-startet-wieder\/","url_meta":{"origin":1214,"position":4},"title":"Eltern-Kind-Turnen startet wieder","author":"Verena Schilling","date":"9. M\u00e4rz 2022","format":false,"excerpt":"Liebe Mitglieder, wir freuen uns dar\u00fcber, dass ab dem 31.03. unser Eltern-Kind-Turnen wieder ge\u00f6ffnet werden kann! Wir bitten um Voranmeldung per Email an petra.reusswig@tgs-somborn.de und Benennung der Begleitperson und dem Alter des Kindes. Alle weiteren Infos entnehmen Sie bitte unserer Corona-Informationsseite.","rel":"","context":"In &quot;Allgemein&quot;","block_context":{"text":"Allgemein","link":"https:\/\/www.tgs-somborn.de\/start\/category\/allgemein\/"},"img":{"alt_text":"","src":"","width":0,"height":0},"classes":[]},{"id":1253,"url":"https:\/\/www.tgs-somborn.de\/start\/endlich-zurueck-kinderfasching-bei-der-tgs\/","url_meta":{"origin":1214,"position":5},"title":"Endlich zur\u00fcck: Kinderfasching bei der TGS!","author":"Verena Schilling","date":"17. Januar 2026","format":false,"excerpt":"Am Faschingssonntag (15.02.2026) \u00f6ffnen sich um 14.30 Uhr die T\u00fcren der Turnhalle f\u00fcr ein buntes Faschingstreiben. Wir laden Gro\u00df und Klein recht herzlich zum Kinderfasching ein!","rel":"","context":"In &quot;Allgemein&quot;","block_context":{"text":"Allgemein","link":"https:\/\/www.tgs-somborn.de\/start\/category\/allgemein\/"},"img":{"alt_text":"","src":"","width":0,"height":0},"classes":[]}],"jetpack_sharing_enabled":true,"_links":{"self":[{"href":"https:\/\/www.tgs-somborn.de\/start\/wp-json\/wp\/v2\/posts\/1214","targetHints":{"allow":["GET"]}}],"collection":[{"href":"https:\/\/www.tgs-somborn.de\/start\/wp-json\/wp\/v2\/posts"}],"about":[{"href":"https:\/\/www.tgs-somborn.de\/start\/wp-json\/wp\/v2\/types\/post"}],"author":[{"embeddable":true,"href":"https:\/\/www.tgs-somborn.de\/start\/wp-json\/wp\/v2\/users\/3"}],"replies":[{"embeddable":true,"href":"https:\/\/www.tgs-somborn.de\/start\/wp-json\/wp\/v2\/comments?post=1214"}],"version-history":[{"count":1,"href":"https:\/\/www.tgs-somborn.de\/start\/wp-json\/wp\/v2\/posts\/1214\/revisions"}],"predecessor-version":[{"id":1216,"href":"https:\/\/www.tgs-somborn.de\/start\/wp-json\/wp\/v2\/posts\/1214\/revisions\/1216"}],"wp:featuredmedia":[{"embeddable":true,"href":"https:\/\/www.tgs-somborn.de\/start\/wp-json\/wp\/v2\/media\/1215"}],"wp:attachment":[{"href":"https:\/\/www.tgs-somborn.de\/start\/wp-json\/wp\/v2\/media?parent=1214"}],"wp:term":[{"taxonomy":"category","embeddable":true,"href":"https:\/\/www.tgs-somborn.de\/start\/wp-json\/wp\/v2\/categories?post=1214"},{"taxonomy":"post_tag","embeddable":true,"href":"https:\/\/www.tgs-somborn.de\/start\/wp-json\/wp\/v2\/tags?post=1214"}],"curies":[{"name":"wp","href":"https:\/\/api.w.org\/{rel}","templated":true}]}}